{"id":17437,"date":"2026-06-30T12:16:32","date_gmt":"2026-06-30T17:16:32","guid":{"rendered":"https:\/\/resurrectionproject.org\/?p=17437"},"modified":"2026-06-30T12:20:30","modified_gmt":"2026-06-30T17:20:30","slug":"la-corte-suprema-confirma-la-ciudadania-por-nacimiento-en-la-sentencia-de-division","status":"publish","type":"post","link":"https:\/\/resurrectionproject.org\/es\/la-corte-suprema-confirma-la-ciudadania-por-nacimiento-en-la-sentencia-de-division\/","title":{"rendered":"La Corte Suprema confirma la ciudadan\u00eda por nacimiento en la sentencia\u00a0de Divisi\u00f3n"},"content":{"rendered":"\n<p class=\"wp-block-paragraph\"><em>El Proyecto Resurrecci\u00f3n celebra la preservaci\u00f3n de un derecho constitucional esencial, pero advierte que la decisi\u00f3n dividida mantiene abierta la puerta a futuros desaf\u00edos.<\/em><\/p>\n\n\n\n<div style=\"height:28px\" aria-hidden=\"true\" class=\"wp-block-spacer\"><\/div>\n\n\n\n<p class=\"has-medium-font-size wp-block-paragraph\"><strong>CHICAGO, IL<\/strong>\u202f\u2013<strong> <\/strong>30 de junio de 2026 \u2013 El Proyecto Resurrecci\u00f3n (TRP) celebra la decisi\u00f3n de la Corte Supreme de EE. UU. en el caso de Trump contra Barbara, bloqueando la orden ejecutiva de la administraci\u00f3n y afirmando que hijos de inmigrantes nacidos en suelo estadounidense es ciudadano bajo la 14\u00aa Enmienda. La decisi\u00f3n llega al final de un periodo en el que el mismo Tribunal dict\u00f3 una serie de sentencias 6\u20133 contra familias inmigrantes: allanando el camino para poner fin al Estatus de Protecci\u00f3n Temporal para ciudadanos haitianos y sirios; permitir que los funcionarios fronterizos rechazen a solicitantes de asilo; y debilitando los derechos de reentrada de los titulares de la tarjeta verde. Junto con un nuevo paquete federal de aplicaci\u00f3n de 260.000 millones de d\u00f3lares que apunta a ciudades \u00abno cooperantes\u00bb como Chicago, el continuo ataque legal y legislativo contra las familias inmigrantes sigue siendo un peligro real y presente.<\/p>\n\n\n\n<p class=\"has-medium-font-size wp-block-paragraph\">\u00abNunca deber\u00edamos aceptar un futuro en el que los derechos constitucionales de los ni\u00f1os est\u00e9n en debate\u00bb, dijo <strong>Ra\u00fal I. Raymundo, CEO y cofundador de El Proyecto Resurrecci\u00f3n<\/strong>. \u00abLa decisi\u00f3n de hoy preserva un derecho esencial, pero no arregla un sistema migratorio que hace que las familias vivan en constante incertidumbre. Los inmigrantes son esenciales para el futuro de este pa\u00eds, y nuestras pol\u00edticas deben reflejar esa realidad.\u00bb<\/p>\n\n\n\n<div style=\"height:28px\" aria-hidden=\"true\" class=\"wp-block-spacer\"><\/div>\n\n\n\n<p class=\"has-medium-font-size wp-block-paragraph\">\u00abEstamos agradecidos de que la Constituci\u00f3n se haya celebrado hoy, pero nadie debe confundir el alivio con la seguridad\u00bb, dijo <strong>Erendira Rend\u00f3n, vicepresidenta de Justicia para Inmigrantes en El Proyecto Resurrecci\u00f3n. <\/strong>\u00abEsta fue una ley establecida durante m\u00e1s de 150 a\u00f1os, y nunca deber\u00eda haber llegado al Tribunal.\u00bb<\/p>\n\n\n\n<div style=\"height:28px\" aria-hidden=\"true\" class=\"wp-block-spacer\"><\/div>\n\n\n\n<p class=\"has-medium-font-size wp-block-paragraph\">\u00abUn derecho que los poderosos pueden revocar a uno de nosotros puede ser revocado a cualquiera de nosotros\u00bb, continu\u00f3 Rend\u00f3n. \u00abVamos a usar esta victoria como motivaci\u00f3n para seguir trabajando y organizarnos con las familias inmigrantes que est\u00e1n bajo amenaza constante cada d\u00eda, tal como lo hemos hecho cada d\u00eda durante los \u00faltimos diez a\u00f1os.\u00bb<\/p>\n\n\n\n<div style=\"height:28px\" aria-hidden=\"true\" class=\"wp-block-spacer\"><\/div>\n\n\n\n<p class=\"has-medium-font-size wp-block-paragraph\">A medida que nuestra naci\u00f3n se acerca al 250 aniversario de su fundaci\u00f3n, recordamos que el trabajo de construir un pa\u00eds m\u00e1s justo y equitativo est\u00e1 lejos de estar completo. En El Proyecto Resurrecci\u00f3n, seguimos comprometidos a estar al lado de inmigrantes y familias proporcionando servicios legales de confianza, promoviendo pol\u00edticas que fortalezcan las comunidades y ampliando las oportunidades para que inmigrantes y familias tengan el poder de dar forma a su futuro.<\/p>\n\n\n\n<p class=\"has-medium-font-size wp-block-paragraph\">&nbsp;&nbsp;<\/p>\n\n\n\n<div style=\"height:0px\" aria-hidden=\"true\" class=\"wp-block-spacer\"><\/div>\n\n\n\n<div style=\"height:28px\" aria-hidden=\"true\" class=\"wp-block-spacer\"><\/div>\n\n\n\n<p class=\"has-text-align-center has-medium-font-size wp-block-paragraph\">###<\/p>\n\n\n\n<div style=\"height:28px\" aria-hidden=\"true\" class=\"wp-block-spacer\"><\/div>\n\n\n\n<p class=\"has-text-align-left has-medium-font-size wp-block-paragraph\">Las familias que tengan preguntas sobre su situaci\u00f3n deben visitar <strong><a href=\"https:\/\/www.trpimmigrantjustice.org\/\">trpij.org<\/a><\/strong> o  <strong><a href=\"https:\/\/www.illinoisimmigrationinfo.org\">illinoisimmigrationinfo.org<\/a>.<\/strong><\/p>\n\n\n\n<div style=\"height:28px\" aria-hidden=\"true\" class=\"wp-block-spacer\"><\/div>\n\n\n\n<p class=\"has-medium-font-size wp-block-paragraph\">Acerca de El Proyecto Resurrecci\u00f3n<\/p>\n\n\n\n<p class=\"has-medium-font-size wp-block-paragraph\">El Proyecto Resurrecci\u00f3n (TRP) construye comunidad y defiende la justicia para que los inmigrantes y las familias tengan el poder de dar forma a su future.<\/p>\n\n\n\n<p class=\"has-medium-font-size wp-block-paragraph\">Durante las \u00faltimas tres d\u00e9cadas, TRP ha trabajado para mejorar la vida de individuos y familias creando riqueza, construyendo activos e involucrando a los residentes para que sean catalizadores de cambio. Arraigado en la comunidad de Pilsen, el impacto de TRP se extiende ahora por toda la ciudad de Chicago y por todo el estado de Illinois; Estamos avanzando de forma constante hacia la ampliaci\u00f3n y hemos conservado hasta la fecha m\u00e1s de 1M de d\u00f3lares en patrimonio comunitario.<\/p>\n\n\n\n<div style=\"height:28px\" aria-hidden=\"true\" class=\"wp-block-spacer\"><\/div>\n\n\n\n<p class=\"has-text-align-center has-medium-font-size wp-block-paragraph\"><br><strong>#<\/strong>##<\/p>\n","protected":false},"excerpt":{"rendered":"<p>El Proyecto Resurrecci\u00f3n celebra la preservaci\u00f3n de un derecho constitucional esencial, pero advierte que la decisi\u00f3n dividida mantiene abierta la puerta a futuros desaf\u00edos. CHICAGO, IL\u202f\u2013 30 de junio de 2026 \u2013 El Proyecto Resurrecci\u00f3n (TRP) celebra la decisi\u00f3n de la Corte Supreme de EE. UU. en el caso de Trump contra Barbara, bloqueando la [&hellip;]<\/p>\n","protected":false},"author":19,"featured_media":0,"comment_status":"closed","ping_status":"closed","sticky":false,"template":"","format":"standard","meta":{"footnotes":""},"categories":[33,258,255,22],"class_list":["post-17437","post","type-post","status-publish","format-standard","hentry","category-article","category-media-highlights","category-resurrection-project","category-trp-news"],"yoast_head":"<!-- This site is optimized with the Yoast SEO Premium plugin v24.7 (Yoast SEO v24.7) - https:\/\/yoast.com\/wordpress\/plugins\/seo\/ -->\n<title>La Corte Suprema confirma la ciudadan\u00eda por nacimiento en la sentencia\u00a0de Divisi\u00f3n | The Resurrection Project<\/title>\n<meta name=\"description\" content=\"El Proyecto Resurrecci\u00f3n celebra la preservaci\u00f3n de un derecho constitucional esencial, pero advierte que la decisi\u00f3n dividida mantiene abierta la puerta\" \/>\n<meta name=\"robots\" content=\"index, follow, max-snippet:-1, max-image-preview:large, max-video-preview:-1\" \/>\n<link rel=\"canonical\" href=\"https:\/\/resurrectionproject.org\/la-corte-suprema-confirma-la-ciudadania-por-nacimiento-en-la-sentencia-de-division\/\" \/>\n<meta property=\"og:locale\" content=\"es_ES\" \/>\n<meta property=\"og:type\" content=\"article\" \/>\n<meta property=\"og:title\" content=\"La Corte Suprema confirma la ciudadan\u00eda por nacimiento en la sentencia\u00a0de Divisi\u00f3n\" \/>\n<meta property=\"og:description\" content=\"El Proyecto Resurrecci\u00f3n celebra la preservaci\u00f3n de un derecho constitucional esencial, pero advierte que la decisi\u00f3n dividida mantiene abierta la puerta\" \/>\n<meta property=\"og:url\" content=\"https:\/\/resurrectionproject.org\/la-corte-suprema-confirma-la-ciudadania-por-nacimiento-en-la-sentencia-de-division\/\" \/>\n<meta property=\"og:site_name\" content=\"The Resurrection Project\" \/>\n<meta property=\"article:published_time\" content=\"2026-06-30T17:16:32+00:00\" \/>\n<meta property=\"article:modified_time\" content=\"2026-06-30T17:20:30+00:00\" \/>\n<meta name=\"author\" content=\"Hannah Guerrero\" \/>\n<meta name=\"twitter:card\" content=\"summary_large_image\" \/>\n<meta name=\"twitter:label1\" content=\"Written by\" \/>\n\t<meta name=\"twitter:data1\" content=\"Hannah Guerrero\" \/>\n\t<meta name=\"twitter:label2\" content=\"Est. reading time\" \/>\n\t<meta name=\"twitter:data2\" content=\"3 minutos\" \/>\n<script type=\"application\/ld+json\" class=\"yoast-schema-graph\">{\"@context\":\"https:\/\/schema.org\",\"@graph\":[{\"@type\":\"WebPage\",\"@id\":\"https:\/\/resurrectionproject.org\/la-corte-suprema-confirma-la-ciudadania-por-nacimiento-en-la-sentencia-de-division\/\",\"url\":\"https:\/\/resurrectionproject.org\/la-corte-suprema-confirma-la-ciudadania-por-nacimiento-en-la-sentencia-de-division\/\",\"name\":\"La Corte Suprema confirma la ciudadan\u00eda por nacimiento en la sentencia\u00a0de Divisi\u00f3n | The Resurrection Project\",\"isPartOf\":{\"@id\":\"https:\/\/resurrectionproject.org\/#website\"},\"datePublished\":\"2026-06-30T17:16:32+00:00\",\"dateModified\":\"2026-06-30T17:20:30+00:00\",\"author\":{\"@id\":\"https:\/\/resurrectionproject.org\/#\/schema\/person\/767c0538febe422b785190787e5982e3\"},\"description\":\"El Proyecto Resurrecci\u00f3n celebra la preservaci\u00f3n de un derecho constitucional esencial, pero advierte que la decisi\u00f3n dividida mantiene abierta la puerta\",\"breadcrumb\":{\"@id\":\"https:\/\/resurrectionproject.org\/la-corte-suprema-confirma-la-ciudadania-por-nacimiento-en-la-sentencia-de-division\/#breadcrumb\"},\"inLanguage\":\"es\",\"potentialAction\":[{\"@type\":\"ReadAction\",\"target\":[\"https:\/\/resurrectionproject.org\/la-corte-suprema-confirma-la-ciudadania-por-nacimiento-en-la-sentencia-de-division\/\"]}]},{\"@type\":\"BreadcrumbList\",\"@id\":\"https:\/\/resurrectionproject.org\/la-corte-suprema-confirma-la-ciudadania-por-nacimiento-en-la-sentencia-de-division\/#breadcrumb\",\"itemListElement\":[{\"@type\":\"ListItem\",\"position\":1,\"name\":\"Home\",\"item\":\"https:\/\/resurrectionproject.org\/es\/\"},{\"@type\":\"ListItem\",\"position\":2,\"name\":\"La Corte Suprema confirma la ciudadan\u00eda por nacimiento en la sentencia\u00a0de Divisi\u00f3n\"}]},{\"@type\":\"WebSite\",\"@id\":\"https:\/\/resurrectionproject.org\/#website\",\"url\":\"https:\/\/resurrectionproject.org\/\",\"name\":\"The Resurrection Project\",\"description\":\"\",\"potentialAction\":[{\"@type\":\"SearchAction\",\"target\":{\"@type\":\"EntryPoint\",\"urlTemplate\":\"https:\/\/resurrectionproject.org\/?s={search_term_string}\"},\"query-input\":{\"@type\":\"PropertyValueSpecification\",\"valueRequired\":true,\"valueName\":\"search_term_string\"}}],\"inLanguage\":\"es\"},{\"@type\":\"Person\",\"@id\":\"https:\/\/resurrectionproject.org\/#\/schema\/person\/767c0538febe422b785190787e5982e3\",\"name\":\"Hannah Guerrero\",\"image\":{\"@type\":\"ImageObject\",\"inLanguage\":\"es\",\"@id\":\"https:\/\/resurrectionproject.org\/#\/schema\/person\/image\/\",\"url\":\"https:\/\/secure.gravatar.com\/avatar\/59930f341aee47accf506dbb50cd58f67fb614d15ca777d681fe20e3110a5683?s=96&d=mm&r=g\",\"contentUrl\":\"https:\/\/secure.gravatar.com\/avatar\/59930f341aee47accf506dbb50cd58f67fb614d15ca777d681fe20e3110a5683?s=96&d=mm&r=g\",\"caption\":\"Hannah Guerrero\"},\"url\":\"https:\/\/resurrectionproject.org\/es\/author\/hguerreroresurrectionproject-org\/\"}]}<\/script>\n<!-- \/ Yoast SEO Premium plugin. -->","yoast_head_json":{"title":"La Corte Suprema confirma la ciudadan\u00eda por nacimiento en la sentencia\u00a0de Divisi\u00f3n | The Resurrection Project","description":"El Proyecto Resurrecci\u00f3n celebra la preservaci\u00f3n de un derecho constitucional esencial, pero advierte que la decisi\u00f3n dividida mantiene abierta la puerta","robots":{"index":"index","follow":"follow","max-snippet":"max-snippet:-1","max-image-preview":"max-image-preview:large","max-video-preview":"max-video-preview:-1"},"canonical":"https:\/\/resurrectionproject.org\/la-corte-suprema-confirma-la-ciudadania-por-nacimiento-en-la-sentencia-de-division\/","og_locale":"es_ES","og_type":"article","og_title":"La Corte Suprema confirma la ciudadan\u00eda por nacimiento en la sentencia\u00a0de Divisi\u00f3n","og_description":"El Proyecto Resurrecci\u00f3n celebra la preservaci\u00f3n de un derecho constitucional esencial, pero advierte que la decisi\u00f3n dividida mantiene abierta la puerta","og_url":"https:\/\/resurrectionproject.org\/la-corte-suprema-confirma-la-ciudadania-por-nacimiento-en-la-sentencia-de-division\/","og_site_name":"The Resurrection Project","article_published_time":"2026-06-30T17:16:32+00:00","article_modified_time":"2026-06-30T17:20:30+00:00","author":"Hannah Guerrero","twitter_card":"summary_large_image","twitter_misc":{"Written by":"Hannah Guerrero","Est. reading time":"3 minutos"},"schema":{"@context":"https:\/\/schema.org","@graph":[{"@type":"WebPage","@id":"https:\/\/resurrectionproject.org\/la-corte-suprema-confirma-la-ciudadania-por-nacimiento-en-la-sentencia-de-division\/","url":"https:\/\/resurrectionproject.org\/la-corte-suprema-confirma-la-ciudadania-por-nacimiento-en-la-sentencia-de-division\/","name":"La Corte Suprema confirma la ciudadan\u00eda por nacimiento en la sentencia\u00a0de Divisi\u00f3n | The Resurrection Project","isPartOf":{"@id":"https:\/\/resurrectionproject.org\/#website"},"datePublished":"2026-06-30T17:16:32+00:00","dateModified":"2026-06-30T17:20:30+00:00","author":{"@id":"https:\/\/resurrectionproject.org\/#\/schema\/person\/767c0538febe422b785190787e5982e3"},"description":"El Proyecto Resurrecci\u00f3n celebra la preservaci\u00f3n de un derecho constitucional esencial, pero advierte que la decisi\u00f3n dividida mantiene abierta la puerta","breadcrumb":{"@id":"https:\/\/resurrectionproject.org\/la-corte-suprema-confirma-la-ciudadania-por-nacimiento-en-la-sentencia-de-division\/#breadcrumb"},"inLanguage":"es","potentialAction":[{"@type":"ReadAction","target":["https:\/\/resurrectionproject.org\/la-corte-suprema-confirma-la-ciudadania-por-nacimiento-en-la-sentencia-de-division\/"]}]},{"@type":"BreadcrumbList","@id":"https:\/\/resurrectionproject.org\/la-corte-suprema-confirma-la-ciudadania-por-nacimiento-en-la-sentencia-de-division\/#breadcrumb","itemListElement":[{"@type":"ListItem","position":1,"name":"Home","item":"https:\/\/resurrectionproject.org\/es\/"},{"@type":"ListItem","position":2,"name":"La Corte Suprema confirma la ciudadan\u00eda por nacimiento en la sentencia\u00a0de Divisi\u00f3n"}]},{"@type":"WebSite","@id":"https:\/\/resurrectionproject.org\/#website","url":"https:\/\/resurrectionproject.org\/","name":"The Resurrection Project","description":"","potentialAction":[{"@type":"SearchAction","target":{"@type":"EntryPoint","urlTemplate":"https:\/\/resurrectionproject.org\/?s={search_term_string}"},"query-input":{"@type":"PropertyValueSpecification","valueRequired":true,"valueName":"search_term_string"}}],"inLanguage":"es"},{"@type":"Person","@id":"https:\/\/resurrectionproject.org\/#\/schema\/person\/767c0538febe422b785190787e5982e3","name":"Hannah Guerrero","image":{"@type":"ImageObject","inLanguage":"es","@id":"https:\/\/resurrectionproject.org\/#\/schema\/person\/image\/","url":"https:\/\/secure.gravatar.com\/avatar\/59930f341aee47accf506dbb50cd58f67fb614d15ca777d681fe20e3110a5683?s=96&d=mm&r=g","contentUrl":"https:\/\/secure.gravatar.com\/avatar\/59930f341aee47accf506dbb50cd58f67fb614d15ca777d681fe20e3110a5683?s=96&d=mm&r=g","caption":"Hannah Guerrero"},"url":"https:\/\/resurrectionproject.org\/es\/author\/hguerreroresurrectionproject-org\/"}]}},"_links":{"self":[{"href":"https:\/\/resurrectionproject.org\/es\/wp-json\/wp\/v2\/posts\/17437","targetHints":{"allow":["GET"]}}],"collection":[{"href":"https:\/\/resurrectionproject.org\/es\/wp-json\/wp\/v2\/posts"}],"about":[{"href":"https:\/\/resurrectionproject.org\/es\/wp-json\/wp\/v2\/types\/post"}],"author":[{"embeddable":true,"href":"https:\/\/resurrectionproject.org\/es\/wp-json\/wp\/v2\/users\/19"}],"replies":[{"embeddable":true,"href":"https:\/\/resurrectionproject.org\/es\/wp-json\/wp\/v2\/comments?post=17437"}],"version-history":[{"count":0,"href":"https:\/\/resurrectionproject.org\/es\/wp-json\/wp\/v2\/posts\/17437\/revisions"}],"wp:attachment":[{"href":"https:\/\/resurrectionproject.org\/es\/wp-json\/wp\/v2\/media?parent=17437"}],"wp:term":[{"taxonomy":"category","embeddable":true,"href":"https:\/\/resurrectionproject.org\/es\/wp-json\/wp\/v2\/categories?post=17437"}],"curies":[{"name":"wp","href":"https:\/\/api.w.org\/{rel}","templated":true}]}}