{"id":17151,"date":"2026-04-10T14:57:05","date_gmt":"2026-04-10T19:57:05","guid":{"rendered":"https:\/\/resurrectionproject.org\/?p=17151"},"modified":"2026-04-10T15:05:23","modified_gmt":"2026-04-10T20:05:23","slug":"ya-no-esta-sola-la-comunidad-que-regreso-maria-a-casa-de-ice-detencion","status":"publish","type":"post","link":"https:\/\/resurrectionproject.org\/es\/ya-no-esta-sola-la-comunidad-que-regreso-maria-a-casa-de-ice-detencion\/","title":{"rendered":"Ya no est\u00e1 sola: c\u00f3mo la comunidad ayud\u00f3 a Mar\u00eda a volver a casa despu\u00e9s de su detenci\u00f3n por ICE"},"content":{"rendered":"\n<figure class=\"wp-block-image size-medium\"><img loading=\"lazy\" decoding=\"async\" width=\"800\" height=\"586\" src=\"https:\/\/resurrectionproject.org\/wp-content\/uploads\/2026\/04\/Blog-Photo-Back-horizontal-2-800x586.png\" alt=\"\" class=\"wp-image-17148\" srcset=\"https:\/\/resurrectionproject.org\/wp-content\/uploads\/2026\/04\/Blog-Photo-Back-horizontal-2-800x586.png 800w, https:\/\/resurrectionproject.org\/wp-content\/uploads\/2026\/04\/Blog-Photo-Back-horizontal-2-1024x750.png 1024w, https:\/\/resurrectionproject.org\/wp-content\/uploads\/2026\/04\/Blog-Photo-Back-horizontal-2-768x562.png 768w, https:\/\/resurrectionproject.org\/wp-content\/uploads\/2026\/04\/Blog-Photo-Back-horizontal-2-1536x1125.png 1536w, https:\/\/resurrectionproject.org\/wp-content\/uploads\/2026\/04\/Blog-Photo-Back-horizontal-2-2048x1500.png 2048w, https:\/\/resurrectionproject.org\/wp-content\/uploads\/2026\/04\/Blog-Photo-Back-horizontal-2-scaled.png 1980w\" sizes=\"auto, (max-width: 800px) 100vw, 800px\" \/><figcaption class=\"wp-element-caption\"><em>Mar\u00eda est\u00e1 en casa. Tras m\u00e1s de 100 d\u00edas detenida, su libertad le fue restituida gracias al esfuerzo conjunto de The Resurrection Project y nuestros socios.<\/em><\/figcaption><\/figure>\n\n\n\n<p class=\"has-medium-font-size wp-block-paragraph\"><br>Por: Hanna Guerrero<\/p>\n\n\n\n<p class=\"has-medium-font-size wp-block-paragraph\">10 de abril de 2026 &#8211; Durante m\u00e1s de dos d\u00e9cadas, Mar\u00eda**, clienta del departamento de Justicia para Inmigrantes del Proyecto Resurrecci\u00f3n (TRP), trabaj\u00f3 arduamente para construir una vida mejor para ella y apoyar a su familia en el extranjero. Fue detenida por ICE en octubre, durante la Operaci\u00f3n Midway&nbsp;Blitz, y permaneci\u00f3 detenida por m\u00e1s de 100 d\u00edas en un centro de detenci\u00f3n en Kentucky. Se sent\u00eda aterrorizada y sola, hasta que varias comunidades intervinieron para ayudarla.&nbsp;<\/p>\n\n\n\n<div style=\"height:28px\" aria-hidden=\"true\" class=\"wp-block-spacer\"><\/div>\n\n\n\n<p class=\"has-medium-font-size wp-block-paragraph\">Mar\u00eda&nbsp;recuerda el d\u00eda de su detenci\u00f3n como un d\u00eda cualquiera. Hab\u00eda trabajado en distintos empleos de trabajo manual, desde limpieza hasta pintura de casas. Ese d\u00eda de octubre,&nbsp;Mar\u00eda&nbsp;estaba afuera de un Home&nbsp;Depot&nbsp;buscando trabajo cuando, aparentemente de la nada, una camioneta SUV blanca se detuvo.&nbsp;&nbsp;<\/p>\n\n\n\n<div style=\"height:28px\" aria-hidden=\"true\" class=\"wp-block-spacer\"><\/div>\n\n\n\n<p class=\"has-medium-font-size wp-block-paragraph\">\u201cUnos hombres se bajaron y me asust\u00e9. Trat\u00e9 de irme, pero uno de ellos logr\u00f3 agarrarme. Me pregunt\u00f3 a d\u00f3nde iba y, sinceramente, mi reacci\u00f3n en ese momento fue sentir miedo porque realmente pens\u00e9: \u2018Esto es un secuestro, me est\u00e1n secuestrando o algo as\u00ed\u2019, y fue entonces cuando empezaron a hacerme preguntas y yo solo respond\u00eda: \u2018Quiero un abogado, quiero un abogado\u2019. Ellos respondieron: \u2018Somos de ICE. Si no hablas, las cosas pueden salir mal para ti\u2019\u201d, record\u00f3&nbsp;Mar\u00eda.&nbsp;<\/p>\n\n\n\n<div style=\"height:28px\" aria-hidden=\"true\" class=\"wp-block-spacer\"><\/div>\n\n\n\n<p class=\"has-medium-font-size wp-block-paragraph\">Mar\u00eda&nbsp;estaba convencida de que los agentes eran secuestradores porque llevaban m\u00e1scaras. Tambi\u00e9n segu\u00edan insistiendo en que ella era una \u201cmala persona\u201d, y ella pens\u00f3 que la hab\u00edan confundido con alguien m\u00e1s. En medio de la confusi\u00f3n y el terror, logr\u00f3 recordar sus derechos. Solo respond\u00eda a sus preguntas pidiendo un abogado o permaneciendo en silencio.&nbsp;&nbsp;<\/p>\n\n\n\n<div style=\"height:28px\" aria-hidden=\"true\" class=\"wp-block-spacer\"><\/div>\n\n\n\n<p class=\"has-medium-font-size wp-block-paragraph\">Con&nbsp;Mar\u00eda&nbsp;dentro de la SUV, los agentes manejaron durante horas, lo que aument\u00f3 a\u00fan m\u00e1s la confusi\u00f3n y el miedo.&nbsp;&nbsp;<\/p>\n\n\n\n<div style=\"height:28px\" aria-hidden=\"true\" class=\"wp-block-spacer\"><\/div>\n\n\n\n<p class=\"has-medium-font-size wp-block-paragraph\">\u201cPens\u00e9 que cuando [ICE] te agarraba, era m\u00e1s como un proceso en el que te llevaban directamente al lugar, pero se quedaron ah\u00ed, como detenidos, unas tres o cuatro horas&#8230; pas\u00f3 mucho tiempo antes de que nos llevaran a otro lugar\u201d, dijo Mar\u00eda.<\/p>\n\n\n\n<div style=\"height:28px\" aria-hidden=\"true\" class=\"wp-block-spacer\"><\/div>\n\n\n\n<h2 class=\"wp-block-heading\" id=\"h-de-broadview-a-kentucky\">De Broadview a Kentucky<\/h2>\n\n\n\n<p class=\"has-medium-font-size wp-block-paragraph\">Cuando Mar\u00eda finalmente lleg\u00f3 al centro de procesamiento de&nbsp;Broadview, fue procesada r\u00e1pidamente y trasladada a un centro de detenci\u00f3n en Kentucky. Pudo llamar a un amigo&nbsp;en Chicago para contarle lo que hab\u00eda sucedido.&nbsp;<\/p>\n\n\n\n<div style=\"height:28px\" aria-hidden=\"true\" class=\"wp-block-spacer\"><\/div>\n\n\n\n<p class=\"has-medium-font-size wp-block-paragraph\">Mar\u00eda&nbsp;describe la vida en el centro de detenci\u00f3n como \u201cextremadamente dif\u00edcil\u201d.&nbsp;<\/p>\n\n\n\n<div style=\"height:28px\" aria-hidden=\"true\" class=\"wp-block-spacer\"><\/div>\n\n\n\n<p class=\"has-medium-font-size wp-block-paragraph\">\u201cNo es f\u00e1cil sobrevivir en ese lugar. Todo es muy precario, como la comida, la forma en que tratan a las personas, los guardias. Hay una sensaci\u00f3n terrible de opresi\u00f3n por&nbsp;diferentes causas. No es f\u00e1cil vivir bajo ese tipo de presi\u00f3n constante y falta de libertad.&nbsp;Creo que quien pasa es solamente estando unos cinco meses se sienten en realidad como cinco a\u00f1os estando ah\u00ed\u201d,&nbsp;dijo&nbsp;Mar\u00eda.&nbsp;<\/p>\n\n\n\n<div style=\"height:28px\" aria-hidden=\"true\" class=\"wp-block-spacer\"><\/div>\n\n\n\n<figure class=\"wp-block-image size-large\"><img loading=\"lazy\" decoding=\"async\" width=\"683\" height=\"1024\" src=\"https:\/\/resurrectionproject.org\/wp-content\/uploads\/2026\/04\/Maria-Hands-Chair-Photo-1-683x1024.png\" alt=\"\" class=\"wp-image-17144\" srcset=\"https:\/\/resurrectionproject.org\/wp-content\/uploads\/2026\/04\/Maria-Hands-Chair-Photo-1-683x1024.png 683w, https:\/\/resurrectionproject.org\/wp-content\/uploads\/2026\/04\/Maria-Hands-Chair-Photo-1-533x800.png 533w, https:\/\/resurrectionproject.org\/wp-content\/uploads\/2026\/04\/Maria-Hands-Chair-Photo-1-768x1152.png 768w, https:\/\/resurrectionproject.org\/wp-content\/uploads\/2026\/04\/Maria-Hands-Chair-Photo-1-1024x1536.png 1024w, https:\/\/resurrectionproject.org\/wp-content\/uploads\/2026\/04\/Maria-Hands-Chair-Photo-1-scaled.png 1366w\" sizes=\"auto, (max-width: 683px) 100vw, 683px\" \/><figcaption class=\"wp-element-caption\"><em>\u201cMar\u00eda\u201d se sienta para compartir su historia con el Proyecto Resurrecci\u00f3n.<\/em><\/figcaption><\/figure>\n\n\n\n<div style=\"height:28px\" aria-hidden=\"true\" class=\"wp-block-spacer\"><\/div>\n\n\n\n<p class=\"has-medium-font-size wp-block-paragraph\">Sola en detenci\u00f3n y enfrentando una posible deportaci\u00f3n,&nbsp;el&nbsp;amigo&nbsp;de&nbsp;Mar\u00eda&nbsp;en Chicago logr\u00f3 conseguirle ayuda a trav\u00e9s de la Cl\u00ednica Legal de Justicia para Inmigrantes de TRP.&nbsp;<\/p>\n\n\n\n<div style=\"height:28px\" aria-hidden=\"true\" class=\"wp-block-spacer\"><\/div>\n\n\n\n<figure class=\"wp-block-pullquote has-medium-font-size\"><blockquote><p>\u201cMe sent\u00ed feliz porque, sinceramente, fue algo muy, muy emocionante tener a alguien all\u00ed para apoyarte, y realmente no es f\u00e1cil en detenci\u00f3n. Como les digo, no todos, lamentablemente, incluso cuando tienen abogados, reciben ese apoyo.\u00bb<\/p><cite>&#8211; \u00abMaria\u00bb<\/cite><\/blockquote><\/figure>\n\n\n\n<div style=\"height:28px\" aria-hidden=\"true\" class=\"wp-block-spacer\"><\/div>\n\n\n\n<p class=\"has-text-align-left has-medium-font-size wp-block-paragraph\">La lucha por la liberaci\u00f3n de\u00a0Mar\u00eda\u00a0fue un esfuerzo conjunto de la\u00a0 Midwest \u00a0Immigrant\u00a0 Defenders\u00a0Alliance (MIDA), una red de organizaciones que incluye a TRP, el National Immigrant\u00a0Justice\u00a0Center (NIJC),\u00a0The\u00a0Immigrant\u00a0Project (TIP) y la Oficina del Defensor P\u00fablico del Condado de Cook (CCPD).\u00a0<\/p>\n\n\n\n<div style=\"height:28px\" aria-hidden=\"true\" class=\"wp-block-spacer\"><\/div>\n\n\n\n<h2 class=\"wp-block-heading\" id=\"h-luchando-por-la-libertad-de-maria\">Luchando por la libertad de Mar\u00eda<\/h2>\n\n\n\n<p class=\"has-medium-font-size wp-block-paragraph\">En el caso de&nbsp;Mar\u00eda, ella tuvo dos abogadas, una del Proyecto Habeas de NIJC y la otra de TRP,&nbsp;Alycia&nbsp;Jameson.&nbsp;Alycia&nbsp;recuerda la dificultad de comunicarse con&nbsp;Mar\u00eda&nbsp;mientras estaba detenida en Kentucky.&nbsp;&nbsp;<\/p>\n\n\n\n<div style=\"height:28px\" aria-hidden=\"true\" class=\"wp-block-spacer\"><\/div>\n\n\n\n<p class=\"has-medium-font-size wp-block-paragraph\">\u201cEl centro de detenci\u00f3n donde estaba permit\u00eda llamadas muy limitadas. Pod\u00edamos programar una llamada de un m\u00e1ximo de 30 minutos y ten\u00edas que esperar a que terminara esa llamada para intentar programar otra, que pod\u00eda ser hasta cuatro d\u00edas despu\u00e9s. Adem\u00e1s, se necesitaba dinero para hacer las llamadas telef\u00f3nicas. Es muy dif\u00edcil, y est\u00e1 dise\u00f1ado de esa manera\u201d, dijo&nbsp;Alycia.&nbsp;<\/p>\n\n\n\n<div style=\"height:28px\" aria-hidden=\"true\" class=\"wp-block-spacer\"><\/div>\n\n\n\n<p class=\"has-medium-font-size wp-block-paragraph\">El equipo legal de&nbsp;Mar\u00eda&nbsp;present\u00f3 una moci\u00f3n para suprimir la evidencia obtenida durante su arresto. El juez de inmigraci\u00f3n estuvo de acuerdo en que su arresto hab\u00eda sido atroz y cerr\u00f3 el proceso en su contra.&nbsp;<\/p>\n\n\n\n<figure class=\"wp-block-image size-large\"><img loading=\"lazy\" decoding=\"async\" width=\"683\" height=\"1024\" src=\"https:\/\/resurrectionproject.org\/wp-content\/uploads\/2026\/04\/AlyciaJPG-1-683x1024.jpg\" alt=\"\" class=\"wp-image-17146\" srcset=\"https:\/\/resurrectionproject.org\/wp-content\/uploads\/2026\/04\/AlyciaJPG-1-683x1024.jpg 683w, https:\/\/resurrectionproject.org\/wp-content\/uploads\/2026\/04\/AlyciaJPG-1-533x800.jpg 533w, https:\/\/resurrectionproject.org\/wp-content\/uploads\/2026\/04\/AlyciaJPG-1-768x1152.jpg 768w, https:\/\/resurrectionproject.org\/wp-content\/uploads\/2026\/04\/AlyciaJPG-1-1024x1536.jpg 1024w, https:\/\/resurrectionproject.org\/wp-content\/uploads\/2026\/04\/AlyciaJPG-1-scaled.jpg 1365w\" sizes=\"auto, (max-width: 683px) 100vw, 683px\" \/><figcaption class=\"wp-element-caption\"><em>La abogada de TRP, Alycia Jameson, escucha atentamente mientras su clienta \u00abMar\u00eda\u00bb comparte su historia.<\/em><\/figcaption><\/figure>\n\n\n\n<div style=\"height:28px\" aria-hidden=\"true\" class=\"wp-block-spacer\"><\/div>\n\n\n\n<p class=\"has-medium-font-size wp-block-paragraph\">Mar\u00eda&nbsp;deber\u00eda haber sido liberada despu\u00e9s de que se cerrara su caso, pero continu\u00f3 detenida.&nbsp;<\/p>\n\n\n\n<div style=\"height:28px\" aria-hidden=\"true\" class=\"wp-block-spacer\"><\/div>\n\n\n\n<p class=\"has-medium-font-size wp-block-paragraph\">Durante este tiempo,&nbsp;Mar\u00eda&nbsp;recuerda que el maltrato&nbsp;se intensific\u00f3.&nbsp;<\/p>\n\n\n\n<div style=\"height:28px\" aria-hidden=\"true\" class=\"wp-block-spacer\"><\/div>\n\n\n\n<p class=\"has-medium-font-size wp-block-paragraph\">\u201cMe pusieron en una celda como por tres meses\u201d, record\u00f3&nbsp;Mar\u00eda. \u201cMe aislaron\u201d.&nbsp;<\/p>\n\n\n\n<div style=\"height:28px\" aria-hidden=\"true\" class=\"wp-block-spacer\"><\/div>\n\n\n\n<p class=\"has-medium-font-size wp-block-paragraph\">Mar\u00eda&nbsp;estaba aislada, pero en Illinois sus abogadas segu\u00edan luchando por su liberaci\u00f3n.&nbsp;&nbsp;&nbsp;<\/p>\n\n\n\n<div style=\"height:28px\" aria-hidden=\"true\" class=\"wp-block-spacer\"><\/div>\n\n\n\n<p class=\"has-medium-font-size wp-block-paragraph\">Era el momento perfecto para presentar un habeas\u201d, explic\u00f3&nbsp;Alycia.&nbsp;<\/p>\n\n\n\n<div style=\"height:28px\" aria-hidden=\"true\" class=\"wp-block-spacer\"><\/div>\n\n\n\n<p class=\"has-medium-font-size wp-block-paragraph\">Una petici\u00f3n de habeas corpus le pide a un juez federal que revise por qu\u00e9 una persona est\u00e1 detenida. En el caso de&nbsp;Mar\u00eda, un juez federal revis\u00f3 su detenci\u00f3n y cuestion\u00f3 por qu\u00e9 segu\u00eda detenida. El juez determin\u00f3 que se hab\u00edan violado sus derechos al debido proceso y orden\u00f3 su liberaci\u00f3n.&nbsp;<\/p>\n\n\n\n<div style=\"height:28px\" aria-hidden=\"true\" class=\"wp-block-spacer\"><\/div>\n\n\n\n<figure class=\"wp-block-pullquote has-medium-font-size\"><blockquote><p>\u201cEstaba incre\u00edblemente feliz. Es muy dif\u00edcil que alguien salga de ese lugar. Me considero una de las pocas afortunadas.\u00bb&nbsp;<\/p><cite>&#8211; \u00abMaria\u00bb<\/cite><\/blockquote><\/figure>\n\n\n\n<div style=\"height:28px\" aria-hidden=\"true\" class=\"wp-block-spacer\"><\/div>\n\n\n\n<h2 class=\"wp-block-heading\" id=\"h-el-regreso-a-chicago\">El regreso a Chicago<\/h2>\n\n\n\n<p class=\"has-medium-font-size wp-block-paragraph\">Mar\u00eda finalmente estaba libre, pero estaba muy lejos de casa. TRP trabaj\u00f3 con una organizaci\u00f3n local de respuesta r\u00e1pida, Calor Humano, para ayudar a Mar\u00eda a regresar a Chicago. Adem\u00e1s de proporcionar transporte, Calor Humano trabaja por mejorar las malas condiciones en los centros de detenci\u00f3n y recauda fondos para cuentas de comisar\u00eda y llamadas telef\u00f3nicas.&nbsp;Este a\u00f1o, Calor Humano ha ayudado a 29 personas a regresar a casa.&nbsp;&nbsp;<\/p>\n\n\n\n<div style=\"height:28px\" aria-hidden=\"true\" class=\"wp-block-spacer\"><\/div>\n\n\n\n<p class=\"has-medium-font-size wp-block-paragraph\">Reece, voluntario de Calor Humano, y su hijo llevaron a Mar\u00eda de regreso a Chicago en auto. Reece hablaba lo que \u00e9l describi\u00f3 como un \u201cespa\u00f1ol de sala de descanso\u201d, pero recuerda haber encontrado maneras de comunicarse con ella.&nbsp;<\/p>\n\n\n\n<div style=\"height:28px\" aria-hidden=\"true\" class=\"wp-block-spacer\"><\/div>\n\n\n\n<p class=\"has-medium-font-size wp-block-paragraph\">\u201cElla estaba mayormente confundida y desconectada\u201d, dijo Reece. \u201cPero parec\u00eda tener una actitud positiva y estaba incre\u00edblemente agradecida\u201d.&nbsp;<\/p>\n\n\n\n<div style=\"height:28px\" aria-hidden=\"true\" class=\"wp-block-spacer\"><\/div>\n\n\n\n<p class=\"has-medium-font-size wp-block-paragraph\">Para Reece, ofrecerse como voluntario para transportar a&nbsp;Mar\u00eda&nbsp;fue \u201chacer lo correcto en el momento correcto\u201d. Su difunto padre hab\u00eda vivido en Chicago y era pol\u00edticamente activo.&nbsp;<\/p>\n\n\n\n<div style=\"height:28px\" aria-hidden=\"true\" class=\"wp-block-spacer\"><\/div>\n\n\n\n<p class=\"has-medium-font-size wp-block-paragraph\">\u201cPensaba en c\u00f3mo gran parte de mi vida y de la vida de mi padre se ha tratado de hacer que otras personas se sientan seguras\u201d, dijo Reece. \u201cEs un honor cuando tienes ese tipo de oportunidad\u201d.&nbsp;<\/p>\n\n\n\n<div style=\"height:28px\" aria-hidden=\"true\" class=\"wp-block-spacer\"><\/div>\n\n\n\n<p class=\"has-medium-font-size wp-block-paragraph\">De regreso en Chicago,&nbsp;Mar\u00eda&nbsp;sinti\u00f3 alivio, con una renovada sensaci\u00f3n de seguridad y conexi\u00f3n con sus seres queridos. Para ella, la mejor parte de haber sido liberada fue reunirse con su familia.&nbsp;&nbsp;<\/p>\n\n\n\n<div style=\"height:28px\" aria-hidden=\"true\" class=\"wp-block-spacer\"><\/div>\n\n\n\n<div style=\"height:0px\" aria-hidden=\"true\" class=\"wp-block-spacer\"><\/div>\n\n\n\n<p class=\"has-medium-font-size wp-block-paragraph\">\u201cAunque no todos est\u00e1n f\u00edsicamente conmigo, fue muy emocionante. Nos mantenemos en contacto cercano, y solo saber que estoy libre, que ya no estoy encerrada, es un alivio enorme\u201d, dijo&nbsp;Mar\u00eda.&nbsp;<\/p>\n\n\n\n<div style=\"height:28px\" aria-hidden=\"true\" class=\"wp-block-spacer\"><\/div>\n\n\n\n<p class=\"has-medium-font-size wp-block-paragraph\">Aunque un juez federal orden\u00f3 su liberaci\u00f3n, DHS present\u00f3 una moci\u00f3n para reconsiderar la decisi\u00f3n del juez de inmigraci\u00f3n de cerrar su caso. Como resultado, su caso de inmigraci\u00f3n fue reabierto. Las abogadas de&nbsp;Mar\u00eda&nbsp;lograron trasladar el proceso de la corte de inmigraci\u00f3n a Chicago. Su pr\u00f3xima audiencia no ser\u00e1 hasta 2028.&nbsp;&nbsp;&nbsp;<\/p>\n\n\n\n<div style=\"height:28px\" aria-hidden=\"true\" class=\"wp-block-spacer\"><\/div>\n\n\n\n<p class=\"has-medium-font-size wp-block-paragraph\">Sus abogadas presentaron una solicitud de Visa U para ella. El Congreso cre\u00f3 la Visa U para apoyar los objetivos de las autoridades en obtener ayuda de v\u00edctimas inmigrantes de delitos. Una persona inmigrante puede calificar para una Visa U si ayuda a las autoridades en la investigaci\u00f3n de un delito.&nbsp;<\/p>\n\n\n\n<div style=\"height:28px\" aria-hidden=\"true\" class=\"wp-block-spacer\"><\/div>\n\n\n\n<p class=\"has-medium-font-size wp-block-paragraph\">Mar\u00eda&nbsp;vive en un refugio para mujeres y, a pesar de todo lo que ha vivido, sigue decidida a trabajar duro por ella y por su familia.&nbsp;<\/p>\n\n\n\n<div style=\"height:28px\" aria-hidden=\"true\" class=\"wp-block-spacer\"><\/div>\n\n\n\n<p class=\"has-medium-font-size wp-block-paragraph\">\u201cAhora que estoy fuera, espero seguir adelante y construir un mejor futuro. Mi sue\u00f1o es tener mi propia empresa de limpieza alg\u00fan d\u00eda\u201d, dijo&nbsp;Mar\u00eda.&nbsp;&nbsp;<\/p>\n\n\n\n<div style=\"height:28px\" aria-hidden=\"true\" class=\"wp-block-spacer\"><\/div>\n\n\n\n<p class=\"has-medium-font-size wp-block-paragraph\">La historia de&nbsp;Mar\u00eda&nbsp;es un recordatorio de que nadie que enfrenta detenci\u00f3n deber\u00eda tener que pasar por eso solo. En sus momentos m\u00e1s dif\u00edciles, organizaciones en Illinois y Kentucky lucharon por su liberaci\u00f3n y ayudaron a traerla de regreso a casa de manera segura.&nbsp;<\/p>\n\n\n\n<div style=\"height:28px\" aria-hidden=\"true\" class=\"wp-block-spacer\"><\/div>\n\n\n\n<p class=\"has-medium-font-size wp-block-paragraph\">Hay otras personas detenidas por el ICE que siguen esperando esa misma oportunidad. Apoyar al Proyecto\u00a0Resurrecci\u00f3n\u00a0y Calor Humano ayuda a brindar asistencia legal, transporte y apoyo esencial a personas que enfrentan detenci\u00f3n en este momento.\u00a0<\/p>\n\n\n\n<div style=\"height:28px\" aria-hidden=\"true\" class=\"wp-block-spacer\"><\/div>\n\n\n\n<p class=\"has-medium-font-size wp-block-paragraph\"><em>**<em>Debido a la solicitud de privacidad de la clienta, nos referiremos a ella como \u201cMar\u00eda\u201d en esta historia.<\/em>&nbsp;<\/em><\/p>\n\n\n\n<div style=\"height:28px\" aria-hidden=\"true\" class=\"wp-block-spacer\"><\/div>\n\n\n\n<p class=\"has-text-align-center has-medium-font-size wp-block-paragraph\">Para obtener m\u00e1s informaci\u00f3n sobre la Cl\u00ednica Legal de Justicia Migratoria del Proyecto Resurrecci\u00f3n, visita&nbsp;<a href=\"https:\/\/www.trpimmigrantjustice.org\/\">www.trpimmigrantjustice.org.<\/a><\/p>\n\n\n\n<div style=\"height:0px\" aria-hidden=\"true\" class=\"wp-block-spacer\"><\/div>\n\n\n\n<div class=\"wp-block-buttons is-content-justification-center is-layout-flex wp-container-core-buttons-is-layout-fe48e5de wp-block-buttons-is-layout-flex\">\n<div class=\"wp-block-button\"><a class=\"wp-block-button__link has-background wp-element-button\" href=\"https:\/\/www.classy.org\/give\/391084\/#!\/donation\/checkout\" style=\"background-color:#780c0c\">Dona aqu\u00ed<\/a><\/div>\n<\/div>\n\n\n\n<div style=\"height:28px\" aria-hidden=\"true\" class=\"wp-block-spacer\"><\/div>\n\n\n\n<p class=\"has-text-align-center has-medium-font-size wp-block-paragraph\"><br><strong>#<\/strong><\/p>\n\n\n\n<p class=\"has-medium-font-size wp-block-paragraph\"><a href=\"https:\/\/resurrectionproject.org\/\"><strong>About The Resurrection Project<\/strong><\/a><\/p>\n\n\n\n<p class=\"has-medium-font-size wp-block-paragraph\">The Resurrection Project (TRP) builds trusting relationships to educate and propel individuals, immigrants, and families to achieve their social and economic aspirations, stable homes, and equitable participation in their community. TRP is a leading provider of affordable housing, financial education, and immigration services on Chicago\u2019s Southwest side.<\/p>\n\n\n\n<p class=\"has-medium-font-size wp-block-paragraph\">During the past three decades, TRP has worked to improve the lives of individuals and families by creating wealth, building assets, and engaging residents to be catalysts for change. Rooted in the Pilsen community, TRP\u2019s impact now extends across the City of Chicago and through the State of Illinois; we are making steady progress towards leveraging and preserving more than $1 billion in community wealth.<\/p>\n\n\n\n<p class=\"has-text-align-center wp-block-paragraph\"><\/p>\n","protected":false},"excerpt":{"rendered":"<p>Por: Hanna Guerrero 10 de abril de 2026 &#8211; Durante m\u00e1s de dos d\u00e9cadas, Mar\u00eda**, clienta del departamento de Justicia para Inmigrantes del Proyecto Resurrecci\u00f3n (TRP), trabaj\u00f3 arduamente para construir una vida mejor para ella y apoyar a su familia en el extranjero. Fue detenida por ICE en octubre, durante la Operaci\u00f3n Midway&nbsp;Blitz, y permaneci\u00f3 [&hellip;]<\/p>\n","protected":false},"author":19,"featured_media":0,"comment_status":"closed","ping_status":"closed","sticky":false,"template":"","format":"standard","meta":{"footnotes":""},"categories":[256,33,257,258,255,22],"class_list":["post-17151","post","type-post","status-publish","format-standard","hentry","category-around-trp-newsletter","category-article","category-immigration","category-media-highlights","category-resurrection-project","category-trp-news"],"yoast_head":"<!-- This site is optimized with the Yoast SEO Premium plugin v24.7 (Yoast SEO v24.7) - https:\/\/yoast.com\/wordpress\/plugins\/seo\/ -->\n<title>Ya no est\u00e1 sola: c\u00f3mo la comunidad ayud\u00f3 a Mar\u00eda a volver a casa despu\u00e9s de su detenci\u00f3n por ICE | The Resurrection Project<\/title>\n<meta name=\"description\" content=\"Mar\u00eda est\u00e1 en casa. Tras m\u00e1s de 100 d\u00edas detenida, su libertad le fue restituida gracias al esfuerzo conjunto de The Resurrection Project y nuestros\" \/>\n<meta name=\"robots\" content=\"index, follow, max-snippet:-1, max-image-preview:large, max-video-preview:-1\" \/>\n<link rel=\"canonical\" href=\"https:\/\/resurrectionproject.org\/ya-no-esta-sola-la-comunidad-que-regreso-maria-a-casa-de-ice-detencion\/\" \/>\n<meta property=\"og:locale\" content=\"es_ES\" \/>\n<meta property=\"og:type\" content=\"article\" \/>\n<meta property=\"og:title\" content=\"Ya no est\u00e1 sola: c\u00f3mo la comunidad ayud\u00f3 a Mar\u00eda a volver a casa despu\u00e9s de su detenci\u00f3n por ICE\" \/>\n<meta property=\"og:description\" content=\"Mar\u00eda est\u00e1 en casa. Tras m\u00e1s de 100 d\u00edas detenida, su libertad le fue restituida gracias al esfuerzo conjunto de The Resurrection Project y nuestros\" \/>\n<meta property=\"og:url\" content=\"https:\/\/resurrectionproject.org\/ya-no-esta-sola-la-comunidad-que-regreso-maria-a-casa-de-ice-detencion\/\" \/>\n<meta property=\"og:site_name\" content=\"The Resurrection Project\" \/>\n<meta property=\"article:published_time\" content=\"2026-04-10T19:57:05+00:00\" \/>\n<meta property=\"article:modified_time\" content=\"2026-04-10T20:05:23+00:00\" \/>\n<meta property=\"og:image\" content=\"https:\/\/resurrectionproject.org\/wp-content\/uploads\/2026\/04\/Blog-Photo-Back-horizontal-2-1024x750.png\" \/>\n\t<meta property=\"og:image:width\" content=\"1024\" \/>\n\t<meta property=\"og:image:height\" content=\"750\" \/>\n\t<meta property=\"og:image:type\" content=\"image\/png\" \/>\n<meta name=\"author\" content=\"Hannah Guerrero\" \/>\n<meta name=\"twitter:card\" content=\"summary_large_image\" \/>\n<meta name=\"twitter:label1\" content=\"Written by\" \/>\n\t<meta name=\"twitter:data1\" content=\"Hannah Guerrero\" \/>\n\t<meta name=\"twitter:label2\" content=\"Est. reading time\" \/>\n\t<meta name=\"twitter:data2\" content=\"8 minutos\" \/>\n<script type=\"application\/ld+json\" class=\"yoast-schema-graph\">{\"@context\":\"https:\/\/schema.org\",\"@graph\":[{\"@type\":\"WebPage\",\"@id\":\"https:\/\/resurrectionproject.org\/ya-no-esta-sola-la-comunidad-que-regreso-maria-a-casa-de-ice-detencion\/\",\"url\":\"https:\/\/resurrectionproject.org\/ya-no-esta-sola-la-comunidad-que-regreso-maria-a-casa-de-ice-detencion\/\",\"name\":\"Ya no est\u00e1 sola: c\u00f3mo la comunidad ayud\u00f3 a Mar\u00eda a volver a casa despu\u00e9s de su detenci\u00f3n por ICE | The Resurrection Project\",\"isPartOf\":{\"@id\":\"https:\/\/resurrectionproject.org\/#website\"},\"primaryImageOfPage\":{\"@id\":\"https:\/\/resurrectionproject.org\/ya-no-esta-sola-la-comunidad-que-regreso-maria-a-casa-de-ice-detencion\/#primaryimage\"},\"image\":{\"@id\":\"https:\/\/resurrectionproject.org\/ya-no-esta-sola-la-comunidad-que-regreso-maria-a-casa-de-ice-detencion\/#primaryimage\"},\"thumbnailUrl\":\"https:\/\/resurrectionproject.org\/wp-content\/uploads\/2026\/04\/Blog-Photo-Back-horizontal-2-800x586.png\",\"datePublished\":\"2026-04-10T19:57:05+00:00\",\"dateModified\":\"2026-04-10T20:05:23+00:00\",\"author\":{\"@id\":\"https:\/\/resurrectionproject.org\/#\/schema\/person\/767c0538febe422b785190787e5982e3\"},\"description\":\"Mar\u00eda est\u00e1 en casa. Tras m\u00e1s de 100 d\u00edas detenida, su libertad le fue restituida gracias al esfuerzo conjunto de The Resurrection Project y nuestros\",\"breadcrumb\":{\"@id\":\"https:\/\/resurrectionproject.org\/ya-no-esta-sola-la-comunidad-que-regreso-maria-a-casa-de-ice-detencion\/#breadcrumb\"},\"inLanguage\":\"es\",\"potentialAction\":[{\"@type\":\"ReadAction\",\"target\":[\"https:\/\/resurrectionproject.org\/ya-no-esta-sola-la-comunidad-que-regreso-maria-a-casa-de-ice-detencion\/\"]}]},{\"@type\":\"ImageObject\",\"inLanguage\":\"es\",\"@id\":\"https:\/\/resurrectionproject.org\/ya-no-esta-sola-la-comunidad-que-regreso-maria-a-casa-de-ice-detencion\/#primaryimage\",\"url\":\"https:\/\/resurrectionproject.org\/wp-content\/uploads\/2026\/04\/Blog-Photo-Back-horizontal-2-800x586.png\",\"contentUrl\":\"https:\/\/resurrectionproject.org\/wp-content\/uploads\/2026\/04\/Blog-Photo-Back-horizontal-2-800x586.png\"},{\"@type\":\"BreadcrumbList\",\"@id\":\"https:\/\/resurrectionproject.org\/ya-no-esta-sola-la-comunidad-que-regreso-maria-a-casa-de-ice-detencion\/#breadcrumb\",\"itemListElement\":[{\"@type\":\"ListItem\",\"position\":1,\"name\":\"Home\",\"item\":\"https:\/\/resurrectionproject.org\/es\/\"},{\"@type\":\"ListItem\",\"position\":2,\"name\":\"Ya no est\u00e1 sola: c\u00f3mo la comunidad ayud\u00f3 a Mar\u00eda a volver a casa despu\u00e9s de su detenci\u00f3n por ICE\"}]},{\"@type\":\"WebSite\",\"@id\":\"https:\/\/resurrectionproject.org\/#website\",\"url\":\"https:\/\/resurrectionproject.org\/\",\"name\":\"The Resurrection Project\",\"description\":\"\",\"potentialAction\":[{\"@type\":\"SearchAction\",\"target\":{\"@type\":\"EntryPoint\",\"urlTemplate\":\"https:\/\/resurrectionproject.org\/?s={search_term_string}\"},\"query-input\":{\"@type\":\"PropertyValueSpecification\",\"valueRequired\":true,\"valueName\":\"search_term_string\"}}],\"inLanguage\":\"es\"},{\"@type\":\"Person\",\"@id\":\"https:\/\/resurrectionproject.org\/#\/schema\/person\/767c0538febe422b785190787e5982e3\",\"name\":\"Hannah Guerrero\",\"image\":{\"@type\":\"ImageObject\",\"inLanguage\":\"es\",\"@id\":\"https:\/\/resurrectionproject.org\/#\/schema\/person\/image\/\",\"url\":\"https:\/\/secure.gravatar.com\/avatar\/59930f341aee47accf506dbb50cd58f67fb614d15ca777d681fe20e3110a5683?s=96&d=mm&r=g\",\"contentUrl\":\"https:\/\/secure.gravatar.com\/avatar\/59930f341aee47accf506dbb50cd58f67fb614d15ca777d681fe20e3110a5683?s=96&d=mm&r=g\",\"caption\":\"Hannah Guerrero\"},\"url\":\"https:\/\/resurrectionproject.org\/es\/author\/hguerreroresurrectionproject-org\/\"}]}<\/script>\n<!-- \/ Yoast SEO Premium plugin. -->","yoast_head_json":{"title":"Ya no est\u00e1 sola: c\u00f3mo la comunidad ayud\u00f3 a Mar\u00eda a volver a casa despu\u00e9s de su detenci\u00f3n por ICE | The Resurrection Project","description":"Mar\u00eda est\u00e1 en casa. Tras m\u00e1s de 100 d\u00edas detenida, su libertad le fue restituida gracias al esfuerzo conjunto de The Resurrection Project y nuestros","robots":{"index":"index","follow":"follow","max-snippet":"max-snippet:-1","max-image-preview":"max-image-preview:large","max-video-preview":"max-video-preview:-1"},"canonical":"https:\/\/resurrectionproject.org\/ya-no-esta-sola-la-comunidad-que-regreso-maria-a-casa-de-ice-detencion\/","og_locale":"es_ES","og_type":"article","og_title":"Ya no est\u00e1 sola: c\u00f3mo la comunidad ayud\u00f3 a Mar\u00eda a volver a casa despu\u00e9s de su detenci\u00f3n por ICE","og_description":"Mar\u00eda est\u00e1 en casa. Tras m\u00e1s de 100 d\u00edas detenida, su libertad le fue restituida gracias al esfuerzo conjunto de The Resurrection Project y nuestros","og_url":"https:\/\/resurrectionproject.org\/ya-no-esta-sola-la-comunidad-que-regreso-maria-a-casa-de-ice-detencion\/","og_site_name":"The Resurrection Project","article_published_time":"2026-04-10T19:57:05+00:00","article_modified_time":"2026-04-10T20:05:23+00:00","og_image":[{"width":1024,"height":750,"url":"https:\/\/resurrectionproject.org\/wp-content\/uploads\/2026\/04\/Blog-Photo-Back-horizontal-2-1024x750.png","type":"image\/png"}],"author":"Hannah Guerrero","twitter_card":"summary_large_image","twitter_misc":{"Written by":"Hannah Guerrero","Est. reading time":"8 minutos"},"schema":{"@context":"https:\/\/schema.org","@graph":[{"@type":"WebPage","@id":"https:\/\/resurrectionproject.org\/ya-no-esta-sola-la-comunidad-que-regreso-maria-a-casa-de-ice-detencion\/","url":"https:\/\/resurrectionproject.org\/ya-no-esta-sola-la-comunidad-que-regreso-maria-a-casa-de-ice-detencion\/","name":"Ya no est\u00e1 sola: c\u00f3mo la comunidad ayud\u00f3 a Mar\u00eda a volver a casa despu\u00e9s de su detenci\u00f3n por ICE | The Resurrection Project","isPartOf":{"@id":"https:\/\/resurrectionproject.org\/#website"},"primaryImageOfPage":{"@id":"https:\/\/resurrectionproject.org\/ya-no-esta-sola-la-comunidad-que-regreso-maria-a-casa-de-ice-detencion\/#primaryimage"},"image":{"@id":"https:\/\/resurrectionproject.org\/ya-no-esta-sola-la-comunidad-que-regreso-maria-a-casa-de-ice-detencion\/#primaryimage"},"thumbnailUrl":"https:\/\/resurrectionproject.org\/wp-content\/uploads\/2026\/04\/Blog-Photo-Back-horizontal-2-800x586.png","datePublished":"2026-04-10T19:57:05+00:00","dateModified":"2026-04-10T20:05:23+00:00","author":{"@id":"https:\/\/resurrectionproject.org\/#\/schema\/person\/767c0538febe422b785190787e5982e3"},"description":"Mar\u00eda est\u00e1 en casa. Tras m\u00e1s de 100 d\u00edas detenida, su libertad le fue restituida gracias al esfuerzo conjunto de The Resurrection Project y nuestros","breadcrumb":{"@id":"https:\/\/resurrectionproject.org\/ya-no-esta-sola-la-comunidad-que-regreso-maria-a-casa-de-ice-detencion\/#breadcrumb"},"inLanguage":"es","potentialAction":[{"@type":"ReadAction","target":["https:\/\/resurrectionproject.org\/ya-no-esta-sola-la-comunidad-que-regreso-maria-a-casa-de-ice-detencion\/"]}]},{"@type":"ImageObject","inLanguage":"es","@id":"https:\/\/resurrectionproject.org\/ya-no-esta-sola-la-comunidad-que-regreso-maria-a-casa-de-ice-detencion\/#primaryimage","url":"https:\/\/resurrectionproject.org\/wp-content\/uploads\/2026\/04\/Blog-Photo-Back-horizontal-2-800x586.png","contentUrl":"https:\/\/resurrectionproject.org\/wp-content\/uploads\/2026\/04\/Blog-Photo-Back-horizontal-2-800x586.png"},{"@type":"BreadcrumbList","@id":"https:\/\/resurrectionproject.org\/ya-no-esta-sola-la-comunidad-que-regreso-maria-a-casa-de-ice-detencion\/#breadcrumb","itemListElement":[{"@type":"ListItem","position":1,"name":"Home","item":"https:\/\/resurrectionproject.org\/es\/"},{"@type":"ListItem","position":2,"name":"Ya no est\u00e1 sola: c\u00f3mo la comunidad ayud\u00f3 a Mar\u00eda a volver a casa despu\u00e9s de su detenci\u00f3n por ICE"}]},{"@type":"WebSite","@id":"https:\/\/resurrectionproject.org\/#website","url":"https:\/\/resurrectionproject.org\/","name":"The Resurrection Project","description":"","potentialAction":[{"@type":"SearchAction","target":{"@type":"EntryPoint","urlTemplate":"https:\/\/resurrectionproject.org\/?s={search_term_string}"},"query-input":{"@type":"PropertyValueSpecification","valueRequired":true,"valueName":"search_term_string"}}],"inLanguage":"es"},{"@type":"Person","@id":"https:\/\/resurrectionproject.org\/#\/schema\/person\/767c0538febe422b785190787e5982e3","name":"Hannah Guerrero","image":{"@type":"ImageObject","inLanguage":"es","@id":"https:\/\/resurrectionproject.org\/#\/schema\/person\/image\/","url":"https:\/\/secure.gravatar.com\/avatar\/59930f341aee47accf506dbb50cd58f67fb614d15ca777d681fe20e3110a5683?s=96&d=mm&r=g","contentUrl":"https:\/\/secure.gravatar.com\/avatar\/59930f341aee47accf506dbb50cd58f67fb614d15ca777d681fe20e3110a5683?s=96&d=mm&r=g","caption":"Hannah Guerrero"},"url":"https:\/\/resurrectionproject.org\/es\/author\/hguerreroresurrectionproject-org\/"}]}},"_links":{"self":[{"href":"https:\/\/resurrectionproject.org\/es\/wp-json\/wp\/v2\/posts\/17151","targetHints":{"allow":["GET"]}}],"collection":[{"href":"https:\/\/resurrectionproject.org\/es\/wp-json\/wp\/v2\/posts"}],"about":[{"href":"https:\/\/resurrectionproject.org\/es\/wp-json\/wp\/v2\/types\/post"}],"author":[{"embeddable":true,"href":"https:\/\/resurrectionproject.org\/es\/wp-json\/wp\/v2\/users\/19"}],"replies":[{"embeddable":true,"href":"https:\/\/resurrectionproject.org\/es\/wp-json\/wp\/v2\/comments?post=17151"}],"version-history":[{"count":0,"href":"https:\/\/resurrectionproject.org\/es\/wp-json\/wp\/v2\/posts\/17151\/revisions"}],"wp:attachment":[{"href":"https:\/\/resurrectionproject.org\/es\/wp-json\/wp\/v2\/media?parent=17151"}],"wp:term":[{"taxonomy":"category","embeddable":true,"href":"https:\/\/resurrectionproject.org\/es\/wp-json\/wp\/v2\/categories?post=17151"}],"curies":[{"name":"wp","href":"https:\/\/api.w.org\/{rel}","templated":true}]}}