{"id":16578,"date":"2025-04-21T15:13:22","date_gmt":"2025-04-21T20:13:22","guid":{"rendered":"https:\/\/resurrectionproject.org\/?p=16578"},"modified":"2025-04-22T10:55:38","modified_gmt":"2025-04-22T15:55:38","slug":"la-muerte-del-amado-papa-francisco","status":"publish","type":"post","link":"https:\/\/resurrectionproject.org\/es\/la-muerte-del-amado-papa-francisco\/","title":{"rendered":"La Muerte del Amado Papa Francisco"},"content":{"rendered":"\n<p class=\"has-medium-font-size wp-block-paragraph\">Escrito por: <em>Charles W. Dahm, O.P.\u00a0 presidente de la junta directiva de El Proyecto Resurrecci\u00f3n <\/em><br><br><br>CHICAGO, IL \u2013 21 de abril de 2025 &#8211; La inesperada muerte del Papa Francisco ha entristecido a millones de personas en todo el mundo. El Papa fue un palad\u00edn de los pobres y marginados que trabaj\u00f3 para abrir la Iglesia Cat\u00f3lica a todos.<\/p>\n\n\n\n<p class=\"has-medium-font-size wp-block-paragraph\"><br>Su muerte el d\u00eda despu\u00e9s de la Pascua, la fiesta de la Resurrecci\u00f3n de Jesucristo, fue significativa para muchos. Sigui\u00f3 a Jes\u00fas a la vida eterna despu\u00e9s de cumplir su deseo de celebrar la Semana Santa.<\/p>\n\n\n\n<p class=\"has-medium-font-size wp-block-paragraph\"><br>El jueves pasado, el Papa Francisco realiz\u00f3 su tradicional visita a los presos para animarlos a no perder la esperanza, record\u00e1ndoles que ellos tambi\u00e9n son amados por Dios. Asisti\u00f3 a todos los cultos de Semana Santa, aunque no pudo presidirlos. Durante la Misa de Pascua en la Plaza de San Pedro, se dirigi\u00f3 a la enorme multitud y los bendijo a su paso en el papam\u00f3vil.<\/p>\n\n\n\n<p class=\"has-medium-font-size wp-block-paragraph\"><br>El Papa Francisco deja tras de s\u00ed un legado significativo. Reforz\u00f3 las ense\u00f1anzas del Concilio Vaticano II y cambi\u00f3 el enfoque de la Iglesia hacia la misericordia y la compasi\u00f3n por los que sufren y los indigentes. Escribi\u00f3 un libro sobre la misericordia y dedic\u00f3 un a\u00f1o a su celebraci\u00f3n. Ha sido un firme defensor de los refugiados y migrantes, visit\u00e1ndolos y d\u00e1ndoles la bienvenida al Vaticano. Recientemente, escribi\u00f3 a todos los obispos de los Estados Unidos, anim\u00e1ndolos a hablar en contra y resistir las deportaciones masivas de inmigrantes.<\/p>\n\n\n\n<p class=\"has-medium-font-size wp-block-paragraph\"><br>El Papa Francisco ha sido un firme defensor de la protecci\u00f3n de la Madre Tierra. Ha escrito extensamente sobre el cambio clim\u00e1tico y estuvo a punto de terminar otro libro centrado en la importancia de respetar y preservar nuestro planeta. Adem\u00e1s, ha hecho m\u00e1s por las comunidades marginadas que cualquier otro papa reciente, particularmente al dar la bienvenida a las personas LGBTQ a la Iglesia y enfatizar la necesidad de que la Iglesia incluya activamente a las personas con discapacidades. Concibe a la Iglesia como un \u00abhospital de campa\u00f1a\u00bb dedicado a cuidar de los m\u00e1s necesitados.<\/p>\n\n\n\n<p class=\"has-medium-font-size wp-block-paragraph\"><br>Quiz\u00e1s el legado m\u00e1s significativo del Papa Francisco fue su fundaci\u00f3n y promoci\u00f3n del \u00abproceso sinodal\u00bb, una iniciativa global destinada a involucrar a las bases en las discusiones sobre las necesidades de la Iglesia y del mundo. Busc\u00f3 desmantelar el clericalismo y alentar una participaci\u00f3n m\u00e1s amplia de todos dentro de la Iglesia Cat\u00f3lica. Como \u00e9l mismo dijo: \u00abLos cl\u00e9rigos tienen que ser pastores que huelan como las ovejas\u00bb. Dej\u00f3 tras de s\u00ed planes para la direcci\u00f3n futura de este proceso, reflejando su profundo compromiso en la renovaci\u00f3n de la Iglesia, una tarea muy querida por \u00e9l.<\/p>\n\n\n\n<p class=\"has-medium-font-size wp-block-paragraph\"><br>Recemos por el Papa Francisco y pid\u00e1mosle que rece por nosotros. Le damos gracias por su visi\u00f3n y todos sus esfuerzos por hacer que la Iglesia se parezca m\u00e1s a Jesucristo en el mundo de hoy. Damos gracias a Dios por \u00e9l. Que los cardenales que ahora se reunir\u00e1n en c\u00f3nclave elijan a alguien que lleve adelante las directivas de nuestro amado Papa Francisco.<\/p>\n\n\n\n<p class=\"has-medium-font-size wp-block-paragraph\"><br><\/p>\n\n\n\n<p class=\"has-text-align-center wp-block-paragraph\"><\/p>\n","protected":false},"excerpt":{"rendered":"<p>Escrito por: Charles W. Dahm, O.P.\u00a0 presidente de la junta directiva de El Proyecto Resurrecci\u00f3n CHICAGO, IL \u2013 21 de abril de 2025 &#8211; La inesperada muerte del Papa Francisco ha entristecido a millones de personas en todo el mundo. El Papa fue un palad\u00edn de los pobres y marginados que trabaj\u00f3 para abrir la [&hellip;]<\/p>\n","protected":false},"author":12,"featured_media":0,"comment_status":"closed","ping_status":"closed","sticky":false,"template":"","format":"standard","meta":{"footnotes":""},"categories":[256,33,258,255,22],"class_list":["post-16578","post","type-post","status-publish","format-standard","hentry","category-around-trp-newsletter","category-article","category-media-highlights","category-resurrection-project","category-trp-news"],"yoast_head":"<!-- This site is optimized with the Yoast SEO Premium plugin v24.7 (Yoast SEO v24.7) - https:\/\/yoast.com\/wordpress\/plugins\/seo\/ -->\n<title>La Muerte del Amado Papa Francisco | The Resurrection Project<\/title>\n<meta name=\"description\" content=\"Escrito por: Charles W. Dahm, O.P.\u00a0 presidente de la junta directiva de El Proyecto Resurrecci\u00f3n CHICAGO, IL \u2013 21 de abril de 2025 - La inesperada muerte\" \/>\n<meta name=\"robots\" content=\"index, follow, max-snippet:-1, max-image-preview:large, max-video-preview:-1\" \/>\n<link rel=\"canonical\" href=\"https:\/\/resurrectionproject.org\/la-muerte-del-amado-papa-francisco\/\" \/>\n<meta property=\"og:locale\" content=\"es_ES\" \/>\n<meta property=\"og:type\" content=\"article\" \/>\n<meta property=\"og:title\" content=\"La Muerte del Amado Papa Francisco\" \/>\n<meta property=\"og:description\" content=\"Escrito por: Charles W. Dahm, O.P.\u00a0 presidente de la junta directiva de El Proyecto Resurrecci\u00f3n CHICAGO, IL \u2013 21 de abril de 2025 - La inesperada muerte\" \/>\n<meta property=\"og:url\" content=\"https:\/\/resurrectionproject.org\/la-muerte-del-amado-papa-francisco\/\" \/>\n<meta property=\"og:site_name\" content=\"The Resurrection Project\" \/>\n<meta property=\"article:published_time\" content=\"2025-04-21T20:13:22+00:00\" \/>\n<meta property=\"article:modified_time\" content=\"2025-04-22T15:55:38+00:00\" \/>\n<meta name=\"author\" content=\"Sylvia Ortiz-Cooper\" \/>\n<meta name=\"twitter:card\" content=\"summary_large_image\" \/>\n<meta name=\"twitter:label1\" content=\"Written by\" \/>\n\t<meta name=\"twitter:data1\" content=\"Sylvia Ortiz-Cooper\" \/>\n\t<meta name=\"twitter:label2\" content=\"Est. reading time\" \/>\n\t<meta name=\"twitter:data2\" content=\"3 minutos\" \/>\n<script type=\"application\/ld+json\" class=\"yoast-schema-graph\">{\"@context\":\"https:\/\/schema.org\",\"@graph\":[{\"@type\":\"WebPage\",\"@id\":\"https:\/\/resurrectionproject.org\/la-muerte-del-amado-papa-francisco\/\",\"url\":\"https:\/\/resurrectionproject.org\/la-muerte-del-amado-papa-francisco\/\",\"name\":\"La Muerte del Amado Papa Francisco | The Resurrection Project\",\"isPartOf\":{\"@id\":\"https:\/\/resurrectionproject.org\/#website\"},\"datePublished\":\"2025-04-21T20:13:22+00:00\",\"dateModified\":\"2025-04-22T15:55:38+00:00\",\"author\":{\"@id\":\"https:\/\/resurrectionproject.org\/#\/schema\/person\/2185ef1494227455bd7fb74940c1f478\"},\"description\":\"Escrito por: Charles W. Dahm, O.P.\u00a0 presidente de la junta directiva de El Proyecto Resurrecci\u00f3n CHICAGO, IL \u2013 21 de abril de 2025 - La inesperada muerte\",\"breadcrumb\":{\"@id\":\"https:\/\/resurrectionproject.org\/la-muerte-del-amado-papa-francisco\/#breadcrumb\"},\"inLanguage\":\"es\",\"potentialAction\":[{\"@type\":\"ReadAction\",\"target\":[\"https:\/\/resurrectionproject.org\/la-muerte-del-amado-papa-francisco\/\"]}]},{\"@type\":\"BreadcrumbList\",\"@id\":\"https:\/\/resurrectionproject.org\/la-muerte-del-amado-papa-francisco\/#breadcrumb\",\"itemListElement\":[{\"@type\":\"ListItem\",\"position\":1,\"name\":\"Home\",\"item\":\"https:\/\/resurrectionproject.org\/es\/\"},{\"@type\":\"ListItem\",\"position\":2,\"name\":\"La Muerte del Amado Papa Francisco\"}]},{\"@type\":\"WebSite\",\"@id\":\"https:\/\/resurrectionproject.org\/#website\",\"url\":\"https:\/\/resurrectionproject.org\/\",\"name\":\"The Resurrection Project\",\"description\":\"\",\"potentialAction\":[{\"@type\":\"SearchAction\",\"target\":{\"@type\":\"EntryPoint\",\"urlTemplate\":\"https:\/\/resurrectionproject.org\/?s={search_term_string}\"},\"query-input\":{\"@type\":\"PropertyValueSpecification\",\"valueRequired\":true,\"valueName\":\"search_term_string\"}}],\"inLanguage\":\"es\"},{\"@type\":\"Person\",\"@id\":\"https:\/\/resurrectionproject.org\/#\/schema\/person\/2185ef1494227455bd7fb74940c1f478\",\"name\":\"Sylvia Ortiz-Cooper\",\"image\":{\"@type\":\"ImageObject\",\"inLanguage\":\"es\",\"@id\":\"https:\/\/resurrectionproject.org\/#\/schema\/person\/image\/\",\"url\":\"https:\/\/secure.gravatar.com\/avatar\/fa4d0933f05d59a14c200a06884cf8b83a0097240a219fd7303155e7b2f86835?s=96&d=mm&r=g\",\"contentUrl\":\"https:\/\/secure.gravatar.com\/avatar\/fa4d0933f05d59a14c200a06884cf8b83a0097240a219fd7303155e7b2f86835?s=96&d=mm&r=g\",\"caption\":\"Sylvia Ortiz-Cooper\"},\"url\":\"https:\/\/resurrectionproject.org\/es\/author\/sortizcooper\/\"}]}<\/script>\n<!-- \/ Yoast SEO Premium plugin. -->","yoast_head_json":{"title":"La Muerte del Amado Papa Francisco | The Resurrection Project","description":"Escrito por: Charles W. Dahm, O.P.\u00a0 presidente de la junta directiva de El Proyecto Resurrecci\u00f3n CHICAGO, IL \u2013 21 de abril de 2025 - La inesperada muerte","robots":{"index":"index","follow":"follow","max-snippet":"max-snippet:-1","max-image-preview":"max-image-preview:large","max-video-preview":"max-video-preview:-1"},"canonical":"https:\/\/resurrectionproject.org\/la-muerte-del-amado-papa-francisco\/","og_locale":"es_ES","og_type":"article","og_title":"La Muerte del Amado Papa Francisco","og_description":"Escrito por: Charles W. Dahm, O.P.\u00a0 presidente de la junta directiva de El Proyecto Resurrecci\u00f3n CHICAGO, IL \u2013 21 de abril de 2025 - La inesperada muerte","og_url":"https:\/\/resurrectionproject.org\/la-muerte-del-amado-papa-francisco\/","og_site_name":"The Resurrection Project","article_published_time":"2025-04-21T20:13:22+00:00","article_modified_time":"2025-04-22T15:55:38+00:00","author":"Sylvia Ortiz-Cooper","twitter_card":"summary_large_image","twitter_misc":{"Written by":"Sylvia Ortiz-Cooper","Est. reading time":"3 minutos"},"schema":{"@context":"https:\/\/schema.org","@graph":[{"@type":"WebPage","@id":"https:\/\/resurrectionproject.org\/la-muerte-del-amado-papa-francisco\/","url":"https:\/\/resurrectionproject.org\/la-muerte-del-amado-papa-francisco\/","name":"La Muerte del Amado Papa Francisco | The Resurrection Project","isPartOf":{"@id":"https:\/\/resurrectionproject.org\/#website"},"datePublished":"2025-04-21T20:13:22+00:00","dateModified":"2025-04-22T15:55:38+00:00","author":{"@id":"https:\/\/resurrectionproject.org\/#\/schema\/person\/2185ef1494227455bd7fb74940c1f478"},"description":"Escrito por: Charles W. Dahm, O.P.\u00a0 presidente de la junta directiva de El Proyecto Resurrecci\u00f3n CHICAGO, IL \u2013 21 de abril de 2025 - La inesperada muerte","breadcrumb":{"@id":"https:\/\/resurrectionproject.org\/la-muerte-del-amado-papa-francisco\/#breadcrumb"},"inLanguage":"es","potentialAction":[{"@type":"ReadAction","target":["https:\/\/resurrectionproject.org\/la-muerte-del-amado-papa-francisco\/"]}]},{"@type":"BreadcrumbList","@id":"https:\/\/resurrectionproject.org\/la-muerte-del-amado-papa-francisco\/#breadcrumb","itemListElement":[{"@type":"ListItem","position":1,"name":"Home","item":"https:\/\/resurrectionproject.org\/es\/"},{"@type":"ListItem","position":2,"name":"La Muerte del Amado Papa Francisco"}]},{"@type":"WebSite","@id":"https:\/\/resurrectionproject.org\/#website","url":"https:\/\/resurrectionproject.org\/","name":"The Resurrection Project","description":"","potentialAction":[{"@type":"SearchAction","target":{"@type":"EntryPoint","urlTemplate":"https:\/\/resurrectionproject.org\/?s={search_term_string}"},"query-input":{"@type":"PropertyValueSpecification","valueRequired":true,"valueName":"search_term_string"}}],"inLanguage":"es"},{"@type":"Person","@id":"https:\/\/resurrectionproject.org\/#\/schema\/person\/2185ef1494227455bd7fb74940c1f478","name":"Sylvia Ortiz-Cooper","image":{"@type":"ImageObject","inLanguage":"es","@id":"https:\/\/resurrectionproject.org\/#\/schema\/person\/image\/","url":"https:\/\/secure.gravatar.com\/avatar\/fa4d0933f05d59a14c200a06884cf8b83a0097240a219fd7303155e7b2f86835?s=96&d=mm&r=g","contentUrl":"https:\/\/secure.gravatar.com\/avatar\/fa4d0933f05d59a14c200a06884cf8b83a0097240a219fd7303155e7b2f86835?s=96&d=mm&r=g","caption":"Sylvia Ortiz-Cooper"},"url":"https:\/\/resurrectionproject.org\/es\/author\/sortizcooper\/"}]}},"_links":{"self":[{"href":"https:\/\/resurrectionproject.org\/es\/wp-json\/wp\/v2\/posts\/16578","targetHints":{"allow":["GET"]}}],"collection":[{"href":"https:\/\/resurrectionproject.org\/es\/wp-json\/wp\/v2\/posts"}],"about":[{"href":"https:\/\/resurrectionproject.org\/es\/wp-json\/wp\/v2\/types\/post"}],"author":[{"embeddable":true,"href":"https:\/\/resurrectionproject.org\/es\/wp-json\/wp\/v2\/users\/12"}],"replies":[{"embeddable":true,"href":"https:\/\/resurrectionproject.org\/es\/wp-json\/wp\/v2\/comments?post=16578"}],"version-history":[{"count":0,"href":"https:\/\/resurrectionproject.org\/es\/wp-json\/wp\/v2\/posts\/16578\/revisions"}],"wp:attachment":[{"href":"https:\/\/resurrectionproject.org\/es\/wp-json\/wp\/v2\/media?parent=16578"}],"wp:term":[{"taxonomy":"category","embeddable":true,"href":"https:\/\/resurrectionproject.org\/es\/wp-json\/wp\/v2\/categories?post=16578"}],"curies":[{"name":"wp","href":"https:\/\/api.w.org\/{rel}","templated":true}]}}