{"id":15563,"date":"2023-10-02T16:54:07","date_gmt":"2023-10-02T21:54:07","guid":{"rendered":"https:\/\/resurrectionproject.org\/?p=15563"},"modified":"2023-10-02T16:56:51","modified_gmt":"2023-10-02T21:56:51","slug":"lideres-inmigrantes-de-chicago-anuncian-manifestacion","status":"publish","type":"post","link":"https:\/\/resurrectionproject.org\/es\/lideres-inmigrantes-de-chicago-anuncian-manifestacion\/","title":{"rendered":"L\u00edderes Inmigrantes de Chicago Anuncian Manifestaci\u00f3n"},"content":{"rendered":"\n<p class=\"wp-block-paragraph\">CHICAGO, IL &#8211; 2 de octubre de 2023 &#8211; Hoy, l\u00edderes inmigrantes y miembros de la comunidad se reunieron para anunciar una manifestaci\u00f3n para movilizar a m\u00e1s de 500 personas para exigir permisos de trabajo para todos el jueves 12 de octubre de 2023 en Pilsen.<\/p>\n\n\n\n<p class=\"wp-block-paragraph\">El presidente Joe Biden y la Administraci\u00f3n tienen la autoridad para usar la ley existente para ampliar los permisos de trabajo a trav\u00e9s de Parole a todos los inmigrantes, incluidos los indocumentados, ya que han otorgado Parole con un permiso de trabajo a casi 550,000 inmigrantes y la redesignaci\u00f3n extendida del Estatus de Protecci\u00f3n Temporal (TPS).<\/p>\n\n\n\n<p class=\"wp-block-paragraph\">\u00abHoy estamos hablando de inmigrantes en los Estados Unidos que est\u00e1n trabajando sin un permiso de trabajo y son vulnerables a perderlo todo\u00bb, dijo Erendira Rendon, Vicepresidenta de Justicia para Inmigrantes en El Proyecto Resurreci\u00f3n (TRP). Estamos llamando a la comunidad a manifestarse y exigir que la Administraci\u00f3n Biden extienda los permisos de trabajo para todos\u00bb.<\/p>\n\n\n\n<p class=\"wp-block-paragraph\">\u00abLos inmigrantes mexicanos hemos estado trabajando durante d\u00e9cadas sin ning\u00fan permiso de trabajo, y hemos sido ignorados y olvidados\u00bb, dijo Netza Hualc\u00f3yotl Rold\u00e1n, CEO del Instituto Binacional de Desarrollo Humano. El presidente Biden y la administraci\u00f3n han implementado programas de TPS y otorgado permisos de trabajo para personas que llegan de pa\u00edses como Afganist\u00e1n, Myanmar, Ucrania, Hait\u00ed y Venezuela. Es nuestro momento\u00bb.<\/p>\n\n\n\n<p class=\"wp-block-paragraph\">M\u00e1s de 11 millones de inmigrantes indocumentados han vivido en los Estados Unidos durante d\u00e9cadas que contribuyen a nuestra econom\u00eda, cultura y tejido de los Estados Unidos.<\/p>\n\n\n\n<figure class=\"wp-block-image size-full\"><img loading=\"lazy\" decoding=\"async\" width=\"940\" height=\"788\" src=\"https:\/\/resurrectionproject.org\/wp-content\/uploads\/2023\/10\/permisos-4.png\" alt=\"\" class=\"wp-image-15564\" srcset=\"https:\/\/resurrectionproject.org\/wp-content\/uploads\/2023\/10\/permisos-4.png 940w, https:\/\/resurrectionproject.org\/wp-content\/uploads\/2023\/10\/permisos-4-800x671.png 800w, https:\/\/resurrectionproject.org\/wp-content\/uploads\/2023\/10\/permisos-4-768x644.png 768w\" sizes=\"auto, (max-width: 940px) 100vw, 940px\" \/><\/figure>\n\n\n\n<p class=\"wp-block-paragraph\"><strong>Informaci\u00f3n Adicional<\/strong><\/p>\n\n\n\n<p class=\"wp-block-paragraph\">Lo que necesita saber sobre la autoridad de Parole:<\/p>\n\n\n\n<ul class=\"wp-block-list\">\n<li>El Departamento de Seguridad Nacional (DHS) puede ejercer su autoridad de parole discrecional para el parole temporal en los Estados Unidos o el parole condicional en el lugar de no ciudadanos para llenar puestos vacantes donde hacerlo proporcionar\u00eda un beneficio p\u00fablico significativo a los Estados Unidos.<\/li>\n\n\n\n<li>Parole y la autorizaci\u00f3n de trabajo patrocinada por el estado permitir\u00edan a los gubernamentales estatales y locales que experimentan p\u00e9rdida de poblaci\u00f3n y escasez de mano de obra un mecanismo para atraer nuevos trabajadores.<\/li>\n\n\n\n<li>Los estados individuales y los gobiernos locales tendr\u00edan la opci\u00f3n de participar identificando \u00e1reas geogr\u00e1ficas con escasez de mano de obra e invitando a los trabajadores a solicitar puestos vacantes de acuerdo con las necesidades estatales. Los trabajadores individuales pueden ser patrocinados por empleadores, grupos de defensa u otras organizaciones.<\/li>\n\n\n\n<li>Parole proporciona una estrategia para abordar la escasez de mano de obra al tiempo que aumenta la actividad econ\u00f3mica y la repoblaci\u00f3n de \u00e1reas y estados que est\u00e1n experimentando una disminuci\u00f3n significativa.<\/li>\n<\/ul>\n\n\n\n<p class=\"wp-block-paragraph\">Lo que necesita saber sobre TPS<\/p>\n\n\n\n<ul class=\"wp-block-list\">\n<li>TPS es un estatus migratorio temporal para personas que ya est\u00e1n en los Estados Unidos y que no pueden regresar a su pa\u00eds de origen debido a condiciones extraordinarias y temporales.<\/li>\n<\/ul>\n\n\n\n<ul class=\"wp-block-list\">\n<li>TPS proporciona un permiso de trabajo y protecci\u00f3n contra la detenci\u00f3n y deportaci\u00f3n.<\/li>\n<\/ul>\n\n\n\n<ul class=\"wp-block-list\">\n<li>TPS no proporciona un camino hacia la residencia permanente o la ciudadan\u00eda.<\/li>\n<\/ul>\n\n\n\n<ul class=\"wp-block-list\">\n<li>Puede calificar si es ciudadano venezolano, lleg\u00f3 a los Estados Unidos antes del 31 de julio de 2023 y comple con los requisites de seguridad y antecedentes adicionales.<\/li>\n<\/ul>\n\n\n\n<ul class=\"wp-block-list\">\n<li>El Departamento de Seguridad Nacional a\u00fan no ha abierto la solicitud.<\/li>\n<\/ul>\n\n\n\n<p class=\"wp-block-paragraph\"><\/p>\n\n\n\n<p class=\"wp-block-paragraph\">Para ver el video de la conferencia de prensa haga clic <a href=\"https:\/\/www.facebook.com\/theresurrectionproject\">aqu\u00ed<\/a>.<\/p>\n\n\n\n<p class=\"has-small-font-size wp-block-paragraph\"><em>El Proyecto Resurrecci\u00f3n (TRP) construye relaciones de confianza para educar e impulsar a personas, inmigrantes y familias a lograr sus aspiraciones sociales y econ\u00f3micas, hogares estables y participaci\u00f3n equitativa en su comunidad. TRP es un l\u00edder de viviendas asequibles, educaci\u00f3n financiera y servicios de inmigraci\u00f3n en el suroeste de Chicago.&nbsp;<\/em>&nbsp;<br>&nbsp;<br><em>Durante m\u00e1s de tres d\u00e9cadas, TRP ha trabajado para mejorar las vidas de personas y familias a trav\u00e9s\u202fde\u202fla creaci\u00f3n de la riqueza generacional, la construcci\u00f3n de activos y la participaci\u00f3n de los residentes para que sean catalizadores del cambio. Arraigado en la comunidad de Pilsen, el impacto del TRP ahora se extiende por la ciudad de Chicago y por el estado de Illinois; Estamos logrando avances constantes para preservar m\u00e1s de mil millones de d\u00f3lares en riqueza comunitaria para 2025.<\/em>&nbsp;<\/p>\n","protected":false},"excerpt":{"rendered":"<p>CHICAGO, IL &#8211; 2 de octubre de 2023 &#8211; Hoy, l\u00edderes inmigrantes y miembros de la comunidad se reunieron para anunciar una manifestaci\u00f3n para movilizar a m\u00e1s de 500 personas para exigir permisos de trabajo para todos el jueves 12 de octubre de 2023 en Pilsen. El presidente Joe Biden y la Administraci\u00f3n tienen la [&hellip;]<\/p>\n","protected":false},"author":12,"featured_media":0,"comment_status":"closed","ping_status":"closed","sticky":false,"template":"","format":"standard","meta":{"footnotes":""},"categories":[33,257,255,22],"class_list":["post-15563","post","type-post","status-publish","format-standard","hentry","category-article","category-immigration","category-resurrection-project","category-trp-news"],"yoast_head":"<!-- This site is optimized with the Yoast SEO Premium plugin v24.7 (Yoast SEO v24.7) - https:\/\/yoast.com\/wordpress\/plugins\/seo\/ -->\n<title>L\u00edderes Inmigrantes de Chicago Anuncian Manifestaci\u00f3n | The Resurrection Project<\/title>\n<meta name=\"description\" content=\"CHICAGO, IL - 2 de octubre de 2023 - Hoy, l\u00edderes inmigrantes y miembros de la comunidad se reunieron para anunciar una manifestaci\u00f3n para movilizar a m\u00e1s\" \/>\n<meta name=\"robots\" content=\"index, follow, max-snippet:-1, max-image-preview:large, max-video-preview:-1\" \/>\n<link rel=\"canonical\" href=\"https:\/\/resurrectionproject.org\/es\/lideres-inmigrantes-de-chicago-anuncian-manifestacion\/\" \/>\n<meta property=\"og:locale\" content=\"es_ES\" \/>\n<meta property=\"og:type\" content=\"article\" \/>\n<meta property=\"og:title\" content=\"L\u00edderes Inmigrantes de Chicago Anuncian Manifestaci\u00f3n\" \/>\n<meta property=\"og:description\" content=\"CHICAGO, IL - 2 de octubre de 2023 - Hoy, l\u00edderes inmigrantes y miembros de la comunidad se reunieron para anunciar una manifestaci\u00f3n para movilizar a m\u00e1s\" \/>\n<meta property=\"og:url\" content=\"https:\/\/resurrectionproject.org\/es\/lideres-inmigrantes-de-chicago-anuncian-manifestacion\/\" \/>\n<meta property=\"og:site_name\" content=\"The Resurrection Project\" \/>\n<meta property=\"article:published_time\" content=\"2023-10-02T21:54:07+00:00\" \/>\n<meta property=\"article:modified_time\" content=\"2023-10-02T21:56:51+00:00\" \/>\n<meta property=\"og:image\" content=\"https:\/\/resurrectionproject.org\/wp-content\/uploads\/2023\/10\/permisos-4.png\" \/>\n<meta name=\"author\" content=\"Sylvia Ortiz-Cooper\" \/>\n<meta name=\"twitter:card\" content=\"summary_large_image\" \/>\n<meta name=\"twitter:label1\" content=\"Written by\" \/>\n\t<meta name=\"twitter:data1\" content=\"Sylvia Ortiz-Cooper\" \/>\n\t<meta name=\"twitter:label2\" content=\"Est. reading time\" \/>\n\t<meta name=\"twitter:data2\" content=\"4 minutos\" \/>\n<script type=\"application\/ld+json\" class=\"yoast-schema-graph\">{\"@context\":\"https:\/\/schema.org\",\"@graph\":[{\"@type\":\"WebPage\",\"@id\":\"https:\/\/resurrectionproject.org\/es\/lideres-inmigrantes-de-chicago-anuncian-manifestacion\/\",\"url\":\"https:\/\/resurrectionproject.org\/es\/lideres-inmigrantes-de-chicago-anuncian-manifestacion\/\",\"name\":\"L\u00edderes Inmigrantes de Chicago Anuncian Manifestaci\u00f3n | The Resurrection Project\",\"isPartOf\":{\"@id\":\"https:\/\/resurrectionproject.org\/#website\"},\"primaryImageOfPage\":{\"@id\":\"https:\/\/resurrectionproject.org\/es\/lideres-inmigrantes-de-chicago-anuncian-manifestacion\/#primaryimage\"},\"image\":{\"@id\":\"https:\/\/resurrectionproject.org\/es\/lideres-inmigrantes-de-chicago-anuncian-manifestacion\/#primaryimage\"},\"thumbnailUrl\":\"https:\/\/resurrectionproject.org\/wp-content\/uploads\/2023\/10\/permisos-4.png\",\"datePublished\":\"2023-10-02T21:54:07+00:00\",\"dateModified\":\"2023-10-02T21:56:51+00:00\",\"author\":{\"@id\":\"https:\/\/resurrectionproject.org\/#\/schema\/person\/2185ef1494227455bd7fb74940c1f478\"},\"description\":\"CHICAGO, IL - 2 de octubre de 2023 - Hoy, l\u00edderes inmigrantes y miembros de la comunidad se reunieron para anunciar una manifestaci\u00f3n para movilizar a m\u00e1s\",\"breadcrumb\":{\"@id\":\"https:\/\/resurrectionproject.org\/es\/lideres-inmigrantes-de-chicago-anuncian-manifestacion\/#breadcrumb\"},\"inLanguage\":\"es\",\"potentialAction\":[{\"@type\":\"ReadAction\",\"target\":[\"https:\/\/resurrectionproject.org\/es\/lideres-inmigrantes-de-chicago-anuncian-manifestacion\/\"]}]},{\"@type\":\"ImageObject\",\"inLanguage\":\"es\",\"@id\":\"https:\/\/resurrectionproject.org\/es\/lideres-inmigrantes-de-chicago-anuncian-manifestacion\/#primaryimage\",\"url\":\"https:\/\/resurrectionproject.org\/wp-content\/uploads\/2023\/10\/permisos-4.png\",\"contentUrl\":\"https:\/\/resurrectionproject.org\/wp-content\/uploads\/2023\/10\/permisos-4.png\"},{\"@type\":\"BreadcrumbList\",\"@id\":\"https:\/\/resurrectionproject.org\/es\/lideres-inmigrantes-de-chicago-anuncian-manifestacion\/#breadcrumb\",\"itemListElement\":[{\"@type\":\"ListItem\",\"position\":1,\"name\":\"Home\",\"item\":\"https:\/\/resurrectionproject.org\/es\/\"},{\"@type\":\"ListItem\",\"position\":2,\"name\":\"L\u00edderes Inmigrantes de Chicago Anuncian Manifestaci\u00f3n\"}]},{\"@type\":\"WebSite\",\"@id\":\"https:\/\/resurrectionproject.org\/#website\",\"url\":\"https:\/\/resurrectionproject.org\/\",\"name\":\"The Resurrection Project\",\"description\":\"\",\"potentialAction\":[{\"@type\":\"SearchAction\",\"target\":{\"@type\":\"EntryPoint\",\"urlTemplate\":\"https:\/\/resurrectionproject.org\/?s={search_term_string}\"},\"query-input\":{\"@type\":\"PropertyValueSpecification\",\"valueRequired\":true,\"valueName\":\"search_term_string\"}}],\"inLanguage\":\"es\"},{\"@type\":\"Person\",\"@id\":\"https:\/\/resurrectionproject.org\/#\/schema\/person\/2185ef1494227455bd7fb74940c1f478\",\"name\":\"Sylvia Ortiz-Cooper\",\"image\":{\"@type\":\"ImageObject\",\"inLanguage\":\"es\",\"@id\":\"https:\/\/resurrectionproject.org\/#\/schema\/person\/image\/\",\"url\":\"https:\/\/secure.gravatar.com\/avatar\/fa4d0933f05d59a14c200a06884cf8b83a0097240a219fd7303155e7b2f86835?s=96&d=mm&r=g\",\"contentUrl\":\"https:\/\/secure.gravatar.com\/avatar\/fa4d0933f05d59a14c200a06884cf8b83a0097240a219fd7303155e7b2f86835?s=96&d=mm&r=g\",\"caption\":\"Sylvia Ortiz-Cooper\"},\"url\":\"https:\/\/resurrectionproject.org\/es\/author\/sortizcooper\/\"}]}<\/script>\n<!-- \/ Yoast SEO Premium plugin. -->","yoast_head_json":{"title":"L\u00edderes Inmigrantes de Chicago Anuncian Manifestaci\u00f3n | The Resurrection Project","description":"CHICAGO, IL - 2 de octubre de 2023 - Hoy, l\u00edderes inmigrantes y miembros de la comunidad se reunieron para anunciar una manifestaci\u00f3n para movilizar a m\u00e1s","robots":{"index":"index","follow":"follow","max-snippet":"max-snippet:-1","max-image-preview":"max-image-preview:large","max-video-preview":"max-video-preview:-1"},"canonical":"https:\/\/resurrectionproject.org\/es\/lideres-inmigrantes-de-chicago-anuncian-manifestacion\/","og_locale":"es_ES","og_type":"article","og_title":"L\u00edderes Inmigrantes de Chicago Anuncian Manifestaci\u00f3n","og_description":"CHICAGO, IL - 2 de octubre de 2023 - Hoy, l\u00edderes inmigrantes y miembros de la comunidad se reunieron para anunciar una manifestaci\u00f3n para movilizar a m\u00e1s","og_url":"https:\/\/resurrectionproject.org\/es\/lideres-inmigrantes-de-chicago-anuncian-manifestacion\/","og_site_name":"The Resurrection Project","article_published_time":"2023-10-02T21:54:07+00:00","article_modified_time":"2023-10-02T21:56:51+00:00","og_image":[{"url":"https:\/\/resurrectionproject.org\/wp-content\/uploads\/2023\/10\/permisos-4.png","type":"","width":"","height":""}],"author":"Sylvia Ortiz-Cooper","twitter_card":"summary_large_image","twitter_misc":{"Written by":"Sylvia Ortiz-Cooper","Est. reading time":"4 minutos"},"schema":{"@context":"https:\/\/schema.org","@graph":[{"@type":"WebPage","@id":"https:\/\/resurrectionproject.org\/es\/lideres-inmigrantes-de-chicago-anuncian-manifestacion\/","url":"https:\/\/resurrectionproject.org\/es\/lideres-inmigrantes-de-chicago-anuncian-manifestacion\/","name":"L\u00edderes Inmigrantes de Chicago Anuncian Manifestaci\u00f3n | The Resurrection Project","isPartOf":{"@id":"https:\/\/resurrectionproject.org\/#website"},"primaryImageOfPage":{"@id":"https:\/\/resurrectionproject.org\/es\/lideres-inmigrantes-de-chicago-anuncian-manifestacion\/#primaryimage"},"image":{"@id":"https:\/\/resurrectionproject.org\/es\/lideres-inmigrantes-de-chicago-anuncian-manifestacion\/#primaryimage"},"thumbnailUrl":"https:\/\/resurrectionproject.org\/wp-content\/uploads\/2023\/10\/permisos-4.png","datePublished":"2023-10-02T21:54:07+00:00","dateModified":"2023-10-02T21:56:51+00:00","author":{"@id":"https:\/\/resurrectionproject.org\/#\/schema\/person\/2185ef1494227455bd7fb74940c1f478"},"description":"CHICAGO, IL - 2 de octubre de 2023 - Hoy, l\u00edderes inmigrantes y miembros de la comunidad se reunieron para anunciar una manifestaci\u00f3n para movilizar a m\u00e1s","breadcrumb":{"@id":"https:\/\/resurrectionproject.org\/es\/lideres-inmigrantes-de-chicago-anuncian-manifestacion\/#breadcrumb"},"inLanguage":"es","potentialAction":[{"@type":"ReadAction","target":["https:\/\/resurrectionproject.org\/es\/lideres-inmigrantes-de-chicago-anuncian-manifestacion\/"]}]},{"@type":"ImageObject","inLanguage":"es","@id":"https:\/\/resurrectionproject.org\/es\/lideres-inmigrantes-de-chicago-anuncian-manifestacion\/#primaryimage","url":"https:\/\/resurrectionproject.org\/wp-content\/uploads\/2023\/10\/permisos-4.png","contentUrl":"https:\/\/resurrectionproject.org\/wp-content\/uploads\/2023\/10\/permisos-4.png"},{"@type":"BreadcrumbList","@id":"https:\/\/resurrectionproject.org\/es\/lideres-inmigrantes-de-chicago-anuncian-manifestacion\/#breadcrumb","itemListElement":[{"@type":"ListItem","position":1,"name":"Home","item":"https:\/\/resurrectionproject.org\/es\/"},{"@type":"ListItem","position":2,"name":"L\u00edderes Inmigrantes de Chicago Anuncian Manifestaci\u00f3n"}]},{"@type":"WebSite","@id":"https:\/\/resurrectionproject.org\/#website","url":"https:\/\/resurrectionproject.org\/","name":"The Resurrection Project","description":"","potentialAction":[{"@type":"SearchAction","target":{"@type":"EntryPoint","urlTemplate":"https:\/\/resurrectionproject.org\/?s={search_term_string}"},"query-input":{"@type":"PropertyValueSpecification","valueRequired":true,"valueName":"search_term_string"}}],"inLanguage":"es"},{"@type":"Person","@id":"https:\/\/resurrectionproject.org\/#\/schema\/person\/2185ef1494227455bd7fb74940c1f478","name":"Sylvia Ortiz-Cooper","image":{"@type":"ImageObject","inLanguage":"es","@id":"https:\/\/resurrectionproject.org\/#\/schema\/person\/image\/","url":"https:\/\/secure.gravatar.com\/avatar\/fa4d0933f05d59a14c200a06884cf8b83a0097240a219fd7303155e7b2f86835?s=96&d=mm&r=g","contentUrl":"https:\/\/secure.gravatar.com\/avatar\/fa4d0933f05d59a14c200a06884cf8b83a0097240a219fd7303155e7b2f86835?s=96&d=mm&r=g","caption":"Sylvia Ortiz-Cooper"},"url":"https:\/\/resurrectionproject.org\/es\/author\/sortizcooper\/"}]}},"_links":{"self":[{"href":"https:\/\/resurrectionproject.org\/es\/wp-json\/wp\/v2\/posts\/15563","targetHints":{"allow":["GET"]}}],"collection":[{"href":"https:\/\/resurrectionproject.org\/es\/wp-json\/wp\/v2\/posts"}],"about":[{"href":"https:\/\/resurrectionproject.org\/es\/wp-json\/wp\/v2\/types\/post"}],"author":[{"embeddable":true,"href":"https:\/\/resurrectionproject.org\/es\/wp-json\/wp\/v2\/users\/12"}],"replies":[{"embeddable":true,"href":"https:\/\/resurrectionproject.org\/es\/wp-json\/wp\/v2\/comments?post=15563"}],"version-history":[{"count":0,"href":"https:\/\/resurrectionproject.org\/es\/wp-json\/wp\/v2\/posts\/15563\/revisions"}],"wp:attachment":[{"href":"https:\/\/resurrectionproject.org\/es\/wp-json\/wp\/v2\/media?parent=15563"}],"wp:term":[{"taxonomy":"category","embeddable":true,"href":"https:\/\/resurrectionproject.org\/es\/wp-json\/wp\/v2\/categories?post=15563"}],"curies":[{"name":"wp","href":"https:\/\/api.w.org\/{rel}","templated":true}]}}